{"id":37600,"date":"2026-04-02T20:28:51","date_gmt":"2026-04-02T18:28:51","guid":{"rendered":"https:\/\/bisbalpenedes.com\/web\/?p=37600"},"modified":"2026-04-08T20:13:17","modified_gmt":"2026-04-08T18:13:17","slug":"la-societat-projectara-la-mama-muu-torna-a-casa-dins-el-cicle-cinexic-el-19-dabril","status":"publish","type":"post","link":"https:\/\/bisbalpenedes.com\/web\/2026\/04\/02\/la-societat-projectara-la-mama-muu-torna-a-casa-dins-el-cicle-cinexic-el-19-dabril\/","title":{"rendered":"La Societat projectar\u00e0 \u201cLa Mama Muu torna a casa\u201d dins el cicle CineXic el 19 d\u2019abril"},"content":{"rendered":"\n<p>El proper diumenge 19 d\u2019abril, a les 18h, la Societat de la Bisbal del Pened\u00e8s acollir\u00e0 una nova projecci\u00f3 del cicle de cinema familiar Cinexic amb la pel\u00b7l\u00edcula <em>La Mama Muu torna a casa<\/em>. L\u2019entrada tindr\u00e0 un cost de 3 euros i l\u2019activitat est\u00e0 recomanada per a infants a partir de 3 anys.<\/p>\n\n\n\n<p>Aquesta proposta, impulsada amb la col\u00b7laboraci\u00f3 d\u2019\u00d2mnium Cultural i Pack M\u00e0gic, ofereix cinema infantil en catal\u00e0 amb continguts de qualitat i valors educatius.<\/p>\n\n\n\n<p>La pel\u00b7l\u00edcula explica la hist\u00f2ria de la Mama Muu, una vaca curiosa i inquieta que, amb l\u2019arribada d\u2019una cigonya viatgera a la granja, es planteja una pregunta essencial: on \u00e9s realment casa seva? Aquest fet la porta a iniciar un viatge per descobrir si hi ha altres llocs al m\u00f3n on podria sentir-se igual o millor.<\/p>\n\n\n\n<p>Al llarg de l\u2019aventura, la seva amistat amb el Corb es posar\u00e0 a prova, mentre reflexionen sobre el significat de la llar i la import\u00e0ncia de trobar el propi lloc al m\u00f3n.<\/p>\n\n\n\n<p><em>La Mama Muu torna a casa<\/em> \u00e9s una hist\u00f2ria tendra i reflexiva que combina humor, emoci\u00f3 i aprenentatges, pensada per gaudir en fam\u00edlia.<\/p>\n\n\n\n<figure class=\"wp-block-embed is-type-video is-provider-youtube wp-block-embed-youtube wp-embed-aspect-16-9 wp-has-aspect-ratio\"><div class=\"wp-block-embed__wrapper\">\n<iframe loading=\"lazy\" title=\"LA MAMA MUU TORNA A CASA - TR\u00c0ILER\" width=\"1170\" height=\"658\" src=\"https:\/\/www.youtube.com\/embed\/0A9GDUkG8TI?feature=oembed\" frameborder=\"0\" allow=\"accelerometer; autoplay; clipboard-write; encrypted-media; gyroscope; picture-in-picture; web-share\" referrerpolicy=\"strict-origin-when-cross-origin\" allowfullscreen><\/iframe>\n<\/div><\/figure>\n\n\n\n<hr class=\"wp-block-separator has-alpha-channel-opacity\"\/>\n\n\n\n<p>El pr\u00f3ximo domingo 19 de abril, a las 18h, la Societat de la Bisbal acoger\u00e1 una nueva proyecci\u00f3n del ciclo de cine familiar Cinexic con la pel\u00edcula <em>La Mama Muu torna a casa<\/em>. La entrada tendr\u00e1 un coste de 3 euros y la actividad est\u00e1 recomendada para ni\u00f1os y ni\u00f1as a partir de 3 a\u00f1os.<\/p>\n\n\n\n<p>Esta propuesta, impulsada con la colaboraci\u00f3n de \u00d2mnium Cultural, Rita &amp; Luca y Pack M\u00e0gic, ofrece cine infantil en catal\u00e1n con contenidos de calidad y valores educativos.<\/p>\n\n\n\n<p>La pel\u00edcula explica la historia de la Mama Muu, una vaca curiosa e inquieta que, con la llegada de una cig\u00fce\u00f1a viajera a la granja, se plantea una pregunta esencial: \u00bfd\u00f3nde est\u00e1 realmente su hogar? Este hecho la lleva a iniciar un viaje para descubrir si hay otros lugares en el mundo donde podr\u00eda sentirse igual o mejor.<\/p>\n\n\n\n<p>A lo largo de la aventura, su amistad con el Cuervo se pondr\u00e1 a prueba, mientras reflexionan sobre el significado del hogar y la importancia de encontrar el propio lugar en el mundo.<\/p>\n\n\n\n<p><em>La Mama Muu torna a casa<\/em> es una historia tierna y reflexiva que combina humor, emoci\u00f3n y aprendizajes, pensada para disfrutar en familia.<\/p>\n\n\n\n<p><br><br><\/p>\n","protected":false},"excerpt":{"rendered":"<p>El proper diumenge 19 d\u2019abril, a les 18h, la Societat de la Bisbal del Pened\u00e8s acollir\u00e0 una nova projecci\u00f3 del cicle de cinema familiar Cinexic amb la pel\u00b7l\u00edcula La Mama &hellip; <a href=\"https:\/\/bisbalpenedes.com\/web\/2026\/04\/02\/la-societat-projectara-la-mama-muu-torna-a-casa-dins-el-cicle-cinexic-el-19-dabril\/\" class=\"more-link\">Read More<\/a><\/p>\n","protected":false},"author":4,"featured_media":37579,"comment_status":"closed","ping_status":"closed","sticky":false,"template":"","format":"standard","meta":[],"categories":[2942,13,8],"tags":[459,307,5574,393,7439,300,1374,2776],"_links":{"self":[{"href":"https:\/\/bisbalpenedes.com\/web\/wp-json\/wp\/v2\/posts\/37600"}],"collection":[{"href":"https:\/\/bisbalpenedes.com\/web\/wp-json\/wp\/v2\/posts"}],"about":[{"href":"https:\/\/bisbalpenedes.com\/web\/wp-json\/wp\/v2\/types\/post"}],"author":[{"embeddable":true,"href":"https:\/\/bisbalpenedes.com\/web\/wp-json\/wp\/v2\/users\/4"}],"replies":[{"embeddable":true,"href":"https:\/\/bisbalpenedes.com\/web\/wp-json\/wp\/v2\/comments?post=37600"}],"version-history":[{"count":2,"href":"https:\/\/bisbalpenedes.com\/web\/wp-json\/wp\/v2\/posts\/37600\/revisions"}],"predecessor-version":[{"id":37618,"href":"https:\/\/bisbalpenedes.com\/web\/wp-json\/wp\/v2\/posts\/37600\/revisions\/37618"}],"wp:featuredmedia":[{"embeddable":true,"href":"https:\/\/bisbalpenedes.com\/web\/wp-json\/wp\/v2\/media\/37579"}],"wp:attachment":[{"href":"https:\/\/bisbalpenedes.com\/web\/wp-json\/wp\/v2\/media?parent=37600"}],"wp:term":[{"taxonomy":"category","embeddable":true,"href":"https:\/\/bisbalpenedes.com\/web\/wp-json\/wp\/v2\/categories?post=37600"},{"taxonomy":"post_tag","embeddable":true,"href":"https:\/\/bisbalpenedes.com\/web\/wp-json\/wp\/v2\/tags?post=37600"}],"curies":[{"name":"wp","href":"https:\/\/api.w.org\/{rel}","templated":true}]}}