{"id":37596,"date":"2026-04-02T20:08:56","date_gmt":"2026-04-02T18:08:56","guid":{"rendered":"https:\/\/bisbalpenedes.com\/web\/?p=37596"},"modified":"2026-04-02T20:09:17","modified_gmt":"2026-04-02T18:09:17","slug":"la-tarda-de-llibres-dedicara-la-sessio-del-mes-dabril-a-lobra-ves-on-et-porti-el-cor-de-susanna-tamaro","status":"publish","type":"post","link":"https:\/\/bisbalpenedes.com\/web\/2026\/04\/02\/la-tarda-de-llibres-dedicara-la-sessio-del-mes-dabril-a-lobra-ves-on-et-porti-el-cor-de-susanna-tamaro\/","title":{"rendered":"El club de lectura Tarda de Llibres dedicar\u00e0 la sessi\u00f3 del mes d&#8217;abril a l&#8217;obra \u201cVes on et porti el cor\u201d de Susanna Tamaro"},"content":{"rendered":"\n<p>La Biblioteca P\u00fablica de la Bisbal del Pened\u00e8s acollir\u00e0 una nova sessi\u00f3 mensual del club de lectura&nbsp;<em>Tarda de Llibres<\/em>&nbsp;el pr\u00f2xim dimecres 15 d\u2019abril a les 19 h.<\/p>\n\n\n\n<p>La sessi\u00f3 d\u2019aquest mes estar\u00e0 dedicada a l\u2019obra&nbsp;<em>Ves on et porti el cor<\/em>, de l\u2019autora Susanna Tamaro, una novel\u00b7la que convida a la reflexi\u00f3 sobre la vida, les relacions familiars i el pas del temps.<\/p>\n\n\n\n<p>El club de lectura \u00e9s una proposta oberta a la ciutadania que fomenta l\u2019h\u00e0bit lector i el debat literari en un espai compartit. Les persones participants poden intercanviar impressions i aprofundir en els continguts de l\u2019obra amb el suport de la conducci\u00f3 de la sessi\u00f3, que va a c\u00e0rrec de Joan de Boer.<\/p>\n\n\n\n<p>Per inscriure\u2019s i recollir el llibre, cal adre\u00e7ar-se presencialment a la biblioteca o b\u00e9 escriure al correu electr\u00f2nic&nbsp;<a href=\"mailto:biblioteca@bisbalpenedes.com\">biblioteca@bisbalpenedes.com<\/a><\/p>\n\n\n\n<hr class=\"wp-block-separator has-alpha-channel-opacity\"\/>\n\n\n\n<p><strong>El club de lectura<\/strong> <strong>Tarda de Llibres dedicar\u00e1 la sesi\u00f3n del  mes de abril a la obra &#8220;Ves on et porti el cor&#8221; de Susanna Tamaro<\/strong><\/p>\n\n\n\n<p>La Biblioteca P\u00fablica de la Bisbal del Pened\u00e8s acoger\u00e1 una nueva sesi\u00f3n mensual del club de lectura&nbsp;<em>Tarda de Llibres<\/em>&nbsp;el pr\u00f3ximo mi\u00e9rcoles 15 de abril a las 19 h.<\/p>\n\n\n\n<p>La sesi\u00f3n de este mes estar\u00e1 dedicada a la obra&nbsp;<em>Ves on et porti el cor<\/em>, de la autora Susanna Tamaro, una novela que invita a la reflexi\u00f3n sobre la vida, las relaciones familiares y el paso del tiempo.<\/p>\n\n\n\n<p>El club de lectura es una propuesta abierta a la ciudadan\u00eda que fomenta el h\u00e1bito lector y el debate literario en un espacio compartido. Las personas participantes pueden intercambiar impresiones y profundizar en los contenidos de la obra con el apoyo de la conducci\u00f3n de la sesi\u00f3n, que va a cargo de Joan de Boer.<\/p>\n\n\n\n<p>Para inscribiros y recoger el libro, pod\u00e9is dirigiros presencialmente a la biblioteca o escribir al correo electr\u00f3nico&nbsp;<a href=\"mailto:biblioteca@bisbalpenedes.com\">biblioteca@bisbalpenedes.com<\/a><\/p>\n","protected":false},"excerpt":{"rendered":"<p>La Biblioteca P\u00fablica de la Bisbal del Pened\u00e8s acollir\u00e0 una nova sessi\u00f3 mensual del club de lectura&nbsp;Tarda de Llibres&nbsp;el pr\u00f2xim dimecres 15 d\u2019abril a les 19 h. La sessi\u00f3 d\u2019aquest &hellip; <a href=\"https:\/\/bisbalpenedes.com\/web\/2026\/04\/02\/la-tarda-de-llibres-dedicara-la-sessio-del-mes-dabril-a-lobra-ves-on-et-porti-el-cor-de-susanna-tamaro\/\" class=\"more-link\">Read More<\/a><\/p>\n","protected":false},"author":4,"featured_media":37580,"comment_status":"closed","ping_status":"closed","sticky":false,"template":"","format":"standard","meta":[],"categories":[2942,13,8],"tags":[7437,7188,7438],"_links":{"self":[{"href":"https:\/\/bisbalpenedes.com\/web\/wp-json\/wp\/v2\/posts\/37596"}],"collection":[{"href":"https:\/\/bisbalpenedes.com\/web\/wp-json\/wp\/v2\/posts"}],"about":[{"href":"https:\/\/bisbalpenedes.com\/web\/wp-json\/wp\/v2\/types\/post"}],"author":[{"embeddable":true,"href":"https:\/\/bisbalpenedes.com\/web\/wp-json\/wp\/v2\/users\/4"}],"replies":[{"embeddable":true,"href":"https:\/\/bisbalpenedes.com\/web\/wp-json\/wp\/v2\/comments?post=37596"}],"version-history":[{"count":2,"href":"https:\/\/bisbalpenedes.com\/web\/wp-json\/wp\/v2\/posts\/37596\/revisions"}],"predecessor-version":[{"id":37598,"href":"https:\/\/bisbalpenedes.com\/web\/wp-json\/wp\/v2\/posts\/37596\/revisions\/37598"}],"wp:featuredmedia":[{"embeddable":true,"href":"https:\/\/bisbalpenedes.com\/web\/wp-json\/wp\/v2\/media\/37580"}],"wp:attachment":[{"href":"https:\/\/bisbalpenedes.com\/web\/wp-json\/wp\/v2\/media?parent=37596"}],"wp:term":[{"taxonomy":"category","embeddable":true,"href":"https:\/\/bisbalpenedes.com\/web\/wp-json\/wp\/v2\/categories?post=37596"},{"taxonomy":"post_tag","embeddable":true,"href":"https:\/\/bisbalpenedes.com\/web\/wp-json\/wp\/v2\/tags?post=37596"}],"curies":[{"name":"wp","href":"https:\/\/api.w.org\/{rel}","templated":true}]}}