{"id":37589,"date":"2026-04-02T19:54:15","date_gmt":"2026-04-02T17:54:15","guid":{"rendered":"https:\/\/bisbalpenedes.com\/web\/?p=37589"},"modified":"2026-04-02T19:56:22","modified_gmt":"2026-04-02T17:56:22","slug":"el-cmc-acollira-la-presentacio-de-la-novella-el-sepulcre-oblidat-de-josep-tort-miralles-el-divendres-10-dabril-text","status":"publish","type":"post","link":"https:\/\/bisbalpenedes.com\/web\/2026\/04\/02\/el-cmc-acollira-la-presentacio-de-la-novella-el-sepulcre-oblidat-de-josep-tort-miralles-el-divendres-10-dabril-text\/","title":{"rendered":"El CMC acollir\u00e0 la presentaci\u00f3 de la novel\u00b7la \u201cEl sepulcre oblidat\u201d de Josep Tort Miralles el divendres 10 d\u2019abril"},"content":{"rendered":"\n<p>La Biblioteca P\u00fablica de la Bisbal del Pened\u00e8s organitza la presentaci\u00f3 de la novel\u00b7la El sepulcre oblidat, de l\u2019autor penedesenc Josep Tort Miralles, que tindr\u00e0 lloc el divendres 10 d\u2019abril a les 18.30 h a l\u2019auditori del Centre Municipal de Cultura.<\/p>\n\n\n\n<p>L\u2019acte inclour\u00e0 una xerrada de l&#8217;autor al voltant del context hist\u00f2ric de l\u2019obra, situada al Pened\u00e8s del segle XI. La novel\u00b7la recrea un per\u00edode marcat per tensions pol\u00edtiques, intrigues i conflictes dins la noblesa, en un moment en qu\u00e8 es posa en q\u00fcesti\u00f3 el poder comtal.<\/p>\n\n\n\n<p>En aquest context, la figura d\u2019Ermengarda de Barcelona impulsa la creaci\u00f3 d\u2019un monestir al territori amb voluntat de consolidar-lo com a centre eclesi\u00e0stic i cultural.<\/p>\n\n\n\n<p>L\u2019obra combina elements hist\u00f2rics amb una trama de tra\u00efcions, fidelitats i lluites de poder, i destaca el conjunt de Sant Sebasti\u00e0 dels Gorgs com a element patrimonial del territori.<\/p>\n\n\n\n<p>Josep Tort Miralles (Moja, Ol\u00e8rdola, 1969) \u00e9s un autor penedesenc interessat en la divulgaci\u00f3 hist\u00f2rica. Ha publicat diverses novel\u00b7les de tem\u00e0tica medieval i participa activament en iniciatives culturals i de recerca vinculades a la mem\u00f2ria hist\u00f2rica del Pened\u00e8s.<\/p>\n\n\n\n<hr class=\"wp-block-separator has-alpha-channel-opacity\"\/>\n\n\n\n<h3><strong>El CMC acoger\u00e1 la presentaci\u00f3n de la novela \u201cEl sepulcre oblidat\u201d de Josep Tort Miralles el viernes 10 de abril<\/strong><\/h3>\n\n\n\n<p>La Biblioteca P\u00fablica de la Bisbal del Pened\u00e8s organiza la presentaci\u00f3n de la novela El sepulcre oblidat, del autor penedesenc Josep Tort Miralles, que tendr\u00e1 lugar el viernes 10 de abril a las 18.30 h en el auditorio del Centre Municipal de Cultura.<\/p>\n\n\n\n<p>El acto incluir\u00e1 una charla del autor en torno al contexto hist\u00f3rico de la obra, situada en el Pened\u00e8s del siglo XI. La novela recrea un periodo marcado por tensiones pol\u00edticas, intrigas y conflictos dentro de la nobleza, en un momento en el que se pone en cuesti\u00f3n el poder condal.<\/p>\n\n\n\n<p>En este contexto, la figura de Ermengarda de Barcelona impulsa la creaci\u00f3n de un monasterio en el territorio con la voluntad de consolidarlo como centro eclesi\u00e1stico y cultural.<\/p>\n\n\n\n<p>La obra combina elementos hist\u00f3ricos con una trama de traiciones, fidelidades y luchas de poder, y destaca el conjunto de Sant Sebasti\u00e0 dels Gorgs como elemento patrimonial del territorio.<\/p>\n\n\n\n<p>Josep Tort Miralles (Moja, Ol\u00e8rdola, 1969) es un autor penedesenc interesado en la divulgaci\u00f3n hist\u00f3rica. Ha publicado varias novelas de tem\u00e1tica medieval y participa activamente en iniciativas culturales y de investigaci\u00f3n vinculadas a la memoria hist\u00f3rica del Pened\u00e8s.<\/p>\n","protected":false},"excerpt":{"rendered":"<p>La Biblioteca P\u00fablica de la Bisbal del Pened\u00e8s organitza la presentaci\u00f3 de la novel\u00b7la El sepulcre oblidat, de l\u2019autor penedesenc Josep Tort Miralles, que tindr\u00e0 lloc el divendres 10 d\u2019abril &hellip; <a href=\"https:\/\/bisbalpenedes.com\/web\/2026\/04\/02\/el-cmc-acollira-la-presentacio-de-la-novella-el-sepulcre-oblidat-de-josep-tort-miralles-el-divendres-10-dabril-text\/\" class=\"more-link\">Read More<\/a><\/p>\n","protected":false},"author":4,"featured_media":37578,"comment_status":"closed","ping_status":"closed","sticky":false,"template":"","format":"standard","meta":[],"categories":[2478,13,8],"tags":[459,7435,7436,393,1374,48],"_links":{"self":[{"href":"https:\/\/bisbalpenedes.com\/web\/wp-json\/wp\/v2\/posts\/37589"}],"collection":[{"href":"https:\/\/bisbalpenedes.com\/web\/wp-json\/wp\/v2\/posts"}],"about":[{"href":"https:\/\/bisbalpenedes.com\/web\/wp-json\/wp\/v2\/types\/post"}],"author":[{"embeddable":true,"href":"https:\/\/bisbalpenedes.com\/web\/wp-json\/wp\/v2\/users\/4"}],"replies":[{"embeddable":true,"href":"https:\/\/bisbalpenedes.com\/web\/wp-json\/wp\/v2\/comments?post=37589"}],"version-history":[{"count":2,"href":"https:\/\/bisbalpenedes.com\/web\/wp-json\/wp\/v2\/posts\/37589\/revisions"}],"predecessor-version":[{"id":37594,"href":"https:\/\/bisbalpenedes.com\/web\/wp-json\/wp\/v2\/posts\/37589\/revisions\/37594"}],"wp:featuredmedia":[{"embeddable":true,"href":"https:\/\/bisbalpenedes.com\/web\/wp-json\/wp\/v2\/media\/37578"}],"wp:attachment":[{"href":"https:\/\/bisbalpenedes.com\/web\/wp-json\/wp\/v2\/media?parent=37589"}],"wp:term":[{"taxonomy":"category","embeddable":true,"href":"https:\/\/bisbalpenedes.com\/web\/wp-json\/wp\/v2\/categories?post=37589"},{"taxonomy":"post_tag","embeddable":true,"href":"https:\/\/bisbalpenedes.com\/web\/wp-json\/wp\/v2\/tags?post=37589"}],"curies":[{"name":"wp","href":"https:\/\/api.w.org\/{rel}","templated":true}]}}