{"id":37568,"date":"2026-04-01T11:04:29","date_gmt":"2026-04-01T09:04:29","guid":{"rendered":"https:\/\/bisbalpenedes.com\/web\/?p=37568"},"modified":"2026-04-01T11:04:30","modified_gmt":"2026-04-01T09:04:30","slug":"la-nova-associacio-de-veins-de-can-gordei-es-dona-a-coneixer-a-lajuntament","status":"publish","type":"post","link":"https:\/\/bisbalpenedes.com\/web\/2026\/04\/01\/la-nova-associacio-de-veins-de-can-gordei-es-dona-a-coneixer-a-lajuntament\/","title":{"rendered":"La nova associaci\u00f3 de ve\u00efns de Can Gordei es dona a con\u00e8ixer a l\u2019Ajuntament"},"content":{"rendered":"\n<p>Els membres de la nova associaci\u00f3 de ve\u00efns de Can Gordei es van venir a presentar, ahir dimarts 31 de mar\u00e7, a l&#8217;Ajuntament de la Bisbal del Pened\u00e8s.<\/p>\n\n\n\n<p>L\u2019alcaldessa en funcions, Judith Vidal, i la regidora de Barris, Paqui Cepas, es van reunir amb els representants de l&#8217;entitat: la presidenta, Marga Verdugo; la vicepresidenta i secret\u00e0ria, Saray Mota; la tresorera, Carmen Garcia, i els vocals Daniel i Fran Tobarra.<\/p>\n\n\n\n<p>Mitjan\u00e7ant aquesta trobada, l\u2019entitat es va donar a con\u00e8ixer amb l\u2019objectiu d\u2019obrir una via de contacte amb l\u2019Ajuntament. L\u2019associaci\u00f3 va expressar la voluntat de traslladar les inquietuds del ve\u00efnat a l\u2019Ajuntament i d\u2019impulsar conjuntament iniciatives al barri de Can Gordei.<\/p>\n\n\n\n<hr class=\"wp-block-separator has-alpha-channel-opacity\"\/>\n\n\n\n<p>Los miembros de la nueva asociaci\u00f3n de vecinos de Can Gordei se presentaron ayer martes 31 de marzo en el Ayuntamiento de la Bisbal del Pened\u00e8s.<\/p>\n\n\n\n<p>La alcaldesa en funciones, Judith Vidal, y la concejala de Barrios, Paqui Cepas, se reunieron con los representantes de la entidad: la presidenta, Marga Verdugo; la vicepresidenta y secretaria, Saray Mota; la tesorera, Carmen Garcia, y los vocales Daniel y Fran Tobarra.<\/p>\n\n\n\n<p>Mediante este encuentro, la entidad se dio a conocer con el objetivo de abrir una v\u00eda de contacto con el Ayuntamiento. La asociaci\u00f3n expres\u00f3 su voluntad de trasladar las inquietudes del vecindario al Ayuntamiento y de impulsar conjuntamente iniciativas en el barrio de Can Gordei.<\/p>\n\n\n\n<p><\/p>\n","protected":false},"excerpt":{"rendered":"<p>Els membres de la nova associaci\u00f3 de ve\u00efns de Can Gordei es van venir a presentar, ahir dimarts 31 de mar\u00e7, a l&#8217;Ajuntament de la Bisbal del Pened\u00e8s. L\u2019alcaldessa en &hellip; <a href=\"https:\/\/bisbalpenedes.com\/web\/2026\/04\/01\/la-nova-associacio-de-veins-de-can-gordei-es-dona-a-coneixer-a-lajuntament\/\" class=\"more-link\">Read More<\/a><\/p>\n","protected":false},"author":4,"featured_media":37569,"comment_status":"closed","ping_status":"closed","sticky":false,"template":"","format":"standard","meta":[],"categories":[2057,4287,20,8],"tags":[393,1374],"_links":{"self":[{"href":"https:\/\/bisbalpenedes.com\/web\/wp-json\/wp\/v2\/posts\/37568"}],"collection":[{"href":"https:\/\/bisbalpenedes.com\/web\/wp-json\/wp\/v2\/posts"}],"about":[{"href":"https:\/\/bisbalpenedes.com\/web\/wp-json\/wp\/v2\/types\/post"}],"author":[{"embeddable":true,"href":"https:\/\/bisbalpenedes.com\/web\/wp-json\/wp\/v2\/users\/4"}],"replies":[{"embeddable":true,"href":"https:\/\/bisbalpenedes.com\/web\/wp-json\/wp\/v2\/comments?post=37568"}],"version-history":[{"count":1,"href":"https:\/\/bisbalpenedes.com\/web\/wp-json\/wp\/v2\/posts\/37568\/revisions"}],"predecessor-version":[{"id":37570,"href":"https:\/\/bisbalpenedes.com\/web\/wp-json\/wp\/v2\/posts\/37568\/revisions\/37570"}],"wp:featuredmedia":[{"embeddable":true,"href":"https:\/\/bisbalpenedes.com\/web\/wp-json\/wp\/v2\/media\/37569"}],"wp:attachment":[{"href":"https:\/\/bisbalpenedes.com\/web\/wp-json\/wp\/v2\/media?parent=37568"}],"wp:term":[{"taxonomy":"category","embeddable":true,"href":"https:\/\/bisbalpenedes.com\/web\/wp-json\/wp\/v2\/categories?post=37568"},{"taxonomy":"post_tag","embeddable":true,"href":"https:\/\/bisbalpenedes.com\/web\/wp-json\/wp\/v2\/tags?post=37568"}],"curies":[{"name":"wp","href":"https:\/\/api.w.org\/{rel}","templated":true}]}}