{"id":37555,"date":"2026-04-01T09:21:34","date_gmt":"2026-04-01T07:21:34","guid":{"rendered":"https:\/\/bisbalpenedes.com\/web\/?p=37555"},"modified":"2026-04-01T09:22:09","modified_gmt":"2026-04-01T07:22:09","slug":"horari-del-punt-verd-durant-la-setmana-santa","status":"publish","type":"post","link":"https:\/\/bisbalpenedes.com\/web\/2026\/04\/01\/horari-del-punt-verd-durant-la-setmana-santa\/","title":{"rendered":"Horari del Punt Verd durant la Setmana Santa"},"content":{"rendered":"\n<p>El Punt Verd romandr\u00e0 obert durant els dies de Setmana Santa, a excepci\u00f3 dels festius: Divendres Sant i Dilluns de Pasqua, aix\u00ed com el diumenge.<\/p>\n\n\n\n<p>L\u2019horari ser\u00e0 l\u2019habitual:<\/p>\n\n\n\n<ul><li>De dilluns a divendres: de 9 a 13 h i de 15 a 18 h<\/li><li>Dissabtes: de 9 a 12 h i de 15 a 17 h<\/li><li>Diumenges: tancat<\/li><\/ul>\n\n\n\n<p>Adre\u00e7a: Cam\u00ed del Gosch, 4<\/p>\n\n\n\n<hr class=\"wp-block-separator has-alpha-channel-opacity\"\/>\n\n\n\n<p>El Punto Verde permanecer\u00e1 abierto durante los d\u00edas de Semana Santa, a excepci\u00f3n de los festivos: Viernes Santo y Lunes de Pascua, as\u00ed como el domingo.<\/p>\n\n\n\n<p>El horario ser\u00e1 el habitual:<\/p>\n\n\n\n<ul><li>De lunes a viernes: de 9 a 13 h y de 15 a 18 h<\/li><li>S\u00e1bados: de 9 a 12 h y de 15 a 17 h<\/li><li>Domingos: cerrado<\/li><\/ul>\n\n\n\n<p>Direcci\u00f3n: Cam\u00ed del Gosch, 4<\/p>\n","protected":false},"excerpt":{"rendered":"<p>El Punt Verd romandr\u00e0 obert durant els dies de Setmana Santa, a excepci\u00f3 dels festius: Divendres Sant i Dilluns de Pasqua, aix\u00ed com el diumenge. L\u2019horari ser\u00e0 l\u2019habitual: De dilluns &hellip; <a href=\"https:\/\/bisbalpenedes.com\/web\/2026\/04\/01\/horari-del-punt-verd-durant-la-setmana-santa\/\" class=\"more-link\">Read More<\/a><\/p>\n","protected":false},"author":4,"featured_media":37558,"comment_status":"closed","ping_status":"closed","sticky":false,"template":"","format":"standard","meta":[],"categories":[3215,8],"tags":[459,1479,784,393,1374,92],"_links":{"self":[{"href":"https:\/\/bisbalpenedes.com\/web\/wp-json\/wp\/v2\/posts\/37555"}],"collection":[{"href":"https:\/\/bisbalpenedes.com\/web\/wp-json\/wp\/v2\/posts"}],"about":[{"href":"https:\/\/bisbalpenedes.com\/web\/wp-json\/wp\/v2\/types\/post"}],"author":[{"embeddable":true,"href":"https:\/\/bisbalpenedes.com\/web\/wp-json\/wp\/v2\/users\/4"}],"replies":[{"embeddable":true,"href":"https:\/\/bisbalpenedes.com\/web\/wp-json\/wp\/v2\/comments?post=37555"}],"version-history":[{"count":2,"href":"https:\/\/bisbalpenedes.com\/web\/wp-json\/wp\/v2\/posts\/37555\/revisions"}],"predecessor-version":[{"id":37560,"href":"https:\/\/bisbalpenedes.com\/web\/wp-json\/wp\/v2\/posts\/37555\/revisions\/37560"}],"wp:featuredmedia":[{"embeddable":true,"href":"https:\/\/bisbalpenedes.com\/web\/wp-json\/wp\/v2\/media\/37558"}],"wp:attachment":[{"href":"https:\/\/bisbalpenedes.com\/web\/wp-json\/wp\/v2\/media?parent=37555"}],"wp:term":[{"taxonomy":"category","embeddable":true,"href":"https:\/\/bisbalpenedes.com\/web\/wp-json\/wp\/v2\/categories?post=37555"},{"taxonomy":"post_tag","embeddable":true,"href":"https:\/\/bisbalpenedes.com\/web\/wp-json\/wp\/v2\/tags?post=37555"}],"curies":[{"name":"wp","href":"https:\/\/api.w.org\/{rel}","templated":true}]}}