{"id":3748,"date":"2017-11-13T21:47:06","date_gmt":"2017-11-13T20:47:06","guid":{"rendered":"http:\/\/bisbalpenedes.com\/web\/?p=3748"},"modified":"2017-11-13T21:47:06","modified_gmt":"2017-11-13T20:47:06","slug":"aquest-dilluns-13-de-novembre-han-comencat-les-obres-del-parquing-dautobusos-de-lies","status":"publish","type":"post","link":"https:\/\/bisbalpenedes.com\/web\/2017\/11\/13\/aquest-dilluns-13-de-novembre-han-comencat-les-obres-del-parquing-dautobusos-de-lies\/","title":{"rendered":"Aquest dilluns 13 de novembre han comen\u00e7at les obres del p\u00e0rquing d&#8217;autobusos de l&#8217;IES"},"content":{"rendered":"<p><a href=\"http:\/\/bisbalpenedes.com\/web\/wp-content\/uploads\/2017\/11\/2017-11-13-PHOTO-00000648.jpg\"><img loading=\"lazy\" class=\"aligncenter size-medium wp-image-3753\" src=\"http:\/\/bisbalpenedes.com\/web\/wp-content\/uploads\/2017\/11\/2017-11-13-PHOTO-00000648-300x225.jpg\" alt=\"Inici obres p\u00e0rquing IES\" width=\"300\" height=\"225\" srcset=\"https:\/\/bisbalpenedes.com\/web\/wp-content\/uploads\/2017\/11\/2017-11-13-PHOTO-00000648-300x225.jpg 300w, https:\/\/bisbalpenedes.com\/web\/wp-content\/uploads\/2017\/11\/2017-11-13-PHOTO-00000648-600x450.jpg 600w, https:\/\/bisbalpenedes.com\/web\/wp-content\/uploads\/2017\/11\/2017-11-13-PHOTO-00000648-768x576.jpg 768w, https:\/\/bisbalpenedes.com\/web\/wp-content\/uploads\/2017\/11\/2017-11-13-PHOTO-00000648.jpg 1000w\" sizes=\"(max-width: 300px) 100vw, 300px\" \/><\/a><\/p>\n<p>Aquest dilluns 13 de novembre ha tingut lloc la signatura del\u00a0replantejament de les obres del nou p\u00e0rquing d&#8217;autobusos de l&#8217;IES amb l&#8217;empresa Gras, l&#8217;arquitecte de l&#8217;empresa H\u00e8lix i l&#8217;arquitecte municipal. D&#8217;aquesta manera s&#8217;ha donat inici a les obres, que tindran una durada de dos mesos i mig.<\/p>\n<p>La Regidora d&#8217;Educaci\u00f3, Maguy Antol\u00edn, s&#8217;ha mostrat molt il\u00b7lusionada pel fet que tiri endavant aquest projecte, ja que no nom\u00e9s beneficiar\u00e0 el tr\u00e0nsit i l&#8217;ordenaci\u00f3 dels vehicles escolars sin\u00f3 que tamb\u00e9 ser\u00e0 \u00fatil en altres situacions,\u00a0com ara durant les diades castelleres, ja que podr\u00e0 fer-se servir per a l&#8217;estacionament del transport dels castellers.\u00a0Maguy afirma que s&#8217;est\u00e0 fent el possible per organitzar l&#8217;obra i els temps dels treballs, mirant d&#8217;evitar, en la mesura dels possibles, les mol\u00e8sties que els treballs puguin ocasionar. \u00c9s per aix\u00f2 que demana la col\u00b7laboraci\u00f3 i la comprensi\u00f3 dels bisbalencs i les bisbalenques i els demana disculpes, per avan\u00e7at, per les\u00a0incomoditats que aquesta obra pugui ocasionar. Maguy demana paci\u00e8ncia a la ciutadania i conclou que &#8220;l&#8217;esfor\u00e7 valdr\u00e0 la pena&#8221;.<\/p>\n<p><a href=\"http:\/\/bisbalpenedes.com\/web\/wp-content\/uploads\/2017\/11\/2017-11-13-PHOTO-00000649.jpg\"><img loading=\"lazy\" class=\"aligncenter size-medium wp-image-3754\" src=\"http:\/\/bisbalpenedes.com\/web\/wp-content\/uploads\/2017\/11\/2017-11-13-PHOTO-00000649-162x300.jpg\" alt=\"senyals p\u00e0rquing IES\" width=\"162\" height=\"300\" srcset=\"https:\/\/bisbalpenedes.com\/web\/wp-content\/uploads\/2017\/11\/2017-11-13-PHOTO-00000649-162x300.jpg 162w, https:\/\/bisbalpenedes.com\/web\/wp-content\/uploads\/2017\/11\/2017-11-13-PHOTO-00000649-600x1112.jpg 600w, https:\/\/bisbalpenedes.com\/web\/wp-content\/uploads\/2017\/11\/2017-11-13-PHOTO-00000649-553x1024.jpg 553w, https:\/\/bisbalpenedes.com\/web\/wp-content\/uploads\/2017\/11\/2017-11-13-PHOTO-00000649.jpg 750w\" sizes=\"(max-width: 162px) 100vw, 162px\" \/><\/a><\/p>\n","protected":false},"excerpt":{"rendered":"<p>Aquest dilluns 13 de novembre ha tingut lloc la signatura del\u00a0replantejament de les obres del nou p\u00e0rquing d&#8217;autobusos de l&#8217;IES amb l&#8217;empresa Gras, l&#8217;arquitecte de l&#8217;empresa H\u00e8lix i l&#8217;arquitecte municipal. &hellip; <a href=\"https:\/\/bisbalpenedes.com\/web\/2017\/11\/13\/aquest-dilluns-13-de-novembre-han-comencat-les-obres-del-parquing-dautobusos-de-lies\/\" class=\"more-link\">Read More<\/a><\/p>\n","protected":false},"author":4,"featured_media":3753,"comment_status":"closed","ping_status":"closed","sticky":false,"template":"","format":"standard","meta":[],"categories":[16,8],"tags":[330,911,788,332,912,913,726,21,723],"_links":{"self":[{"href":"https:\/\/bisbalpenedes.com\/web\/wp-json\/wp\/v2\/posts\/3748"}],"collection":[{"href":"https:\/\/bisbalpenedes.com\/web\/wp-json\/wp\/v2\/posts"}],"about":[{"href":"https:\/\/bisbalpenedes.com\/web\/wp-json\/wp\/v2\/types\/post"}],"author":[{"embeddable":true,"href":"https:\/\/bisbalpenedes.com\/web\/wp-json\/wp\/v2\/users\/4"}],"replies":[{"embeddable":true,"href":"https:\/\/bisbalpenedes.com\/web\/wp-json\/wp\/v2\/comments?post=3748"}],"version-history":[{"count":3,"href":"https:\/\/bisbalpenedes.com\/web\/wp-json\/wp\/v2\/posts\/3748\/revisions"}],"predecessor-version":[{"id":3755,"href":"https:\/\/bisbalpenedes.com\/web\/wp-json\/wp\/v2\/posts\/3748\/revisions\/3755"}],"wp:featuredmedia":[{"embeddable":true,"href":"https:\/\/bisbalpenedes.com\/web\/wp-json\/wp\/v2\/media\/3753"}],"wp:attachment":[{"href":"https:\/\/bisbalpenedes.com\/web\/wp-json\/wp\/v2\/media?parent=3748"}],"wp:term":[{"taxonomy":"category","embeddable":true,"href":"https:\/\/bisbalpenedes.com\/web\/wp-json\/wp\/v2\/categories?post=3748"},{"taxonomy":"post_tag","embeddable":true,"href":"https:\/\/bisbalpenedes.com\/web\/wp-json\/wp\/v2\/tags?post=3748"}],"curies":[{"name":"wp","href":"https:\/\/api.w.org\/{rel}","templated":true}]}}