{"id":3739,"date":"2017-11-13T19:32:33","date_gmt":"2017-11-13T18:32:33","guid":{"rendered":"http:\/\/bisbalpenedes.com\/web\/?p=3739"},"modified":"2017-11-13T19:33:19","modified_gmt":"2017-11-13T18:33:19","slug":"lajuntament-de-la-bisbal-fa-un-pas-mes-per-incrementar-la-potencia-electrica-al-poligon-industrial-les-planes","status":"publish","type":"post","link":"https:\/\/bisbalpenedes.com\/web\/2017\/11\/13\/lajuntament-de-la-bisbal-fa-un-pas-mes-per-incrementar-la-potencia-electrica-al-poligon-industrial-les-planes\/","title":{"rendered":"L&#8217;Ajuntament de la Bisbal fa un pas m\u00e9s per incrementar la pot\u00e8ncia el\u00e8ctrica al pol\u00edgon industrial Les Planes"},"content":{"rendered":"<p>El passat dijous 2 de novembre es va aprovar, per Junta de Govern Local, la proposta d\u2019aprovaci\u00f3 de la notificaci\u00f3 de l\u2019operaci\u00f3 jur\u00eddica complement\u00e0ria al pol\u00edgon industrial Les Planes. Aquesta operaci\u00f3 \u00e9s un pas m\u00e9s del projecte de Fecsa-Endesa d\u2019incrementar la pot\u00e8ncia el\u00e8ctrica al pol\u00edgon, un projecte que no nom\u00e9s afecta La Bisbal i que far\u00e0 que el nostre municipi sigui m\u00e9s competitiu des del punt de vista industrial.<\/p>\n<p>A la Junta de Govern del 23 de juny de 2017 l\u2019Equip de Govern va aprovar inicialment aquesta operaci\u00f3 jur\u00eddica complement\u00e0ria de modificaci\u00f3 del projecte de reparcel\u00b7laci\u00f3 del pol\u00edgon industrial. Aquesta aprovaci\u00f3 inicial va notificar-se a les persones interessades, concedint-los audi\u00e8ncia. Dins d\u2019aquest termini de notificacions es van presentar diverses al\u00b7legacions per part dels interessats. Amb la proposta aprovada el dijous 2 de novembre l\u2019equip de govern va desestimar algunes al\u00b7legacions i en va estimar d\u2019altres, aprovant definitivament aquesta operaci\u00f3, que es publicar\u00e0 al BOP i, aix\u00ed, es continuar\u00e0 amb la tramitaci\u00f3.<\/p>\n","protected":false},"excerpt":{"rendered":"<p>El passat dijous 2 de novembre es va aprovar, per Junta de Govern Local, la proposta d\u2019aprovaci\u00f3 de la notificaci\u00f3 de l\u2019operaci\u00f3 jur\u00eddica complement\u00e0ria al pol\u00edgon industrial Les Planes. Aquesta &hellip; <a href=\"https:\/\/bisbalpenedes.com\/web\/2017\/11\/13\/lajuntament-de-la-bisbal-fa-un-pas-mes-per-incrementar-la-potencia-electrica-al-poligon-industrial-les-planes\/\" class=\"more-link\">Read More<\/a><\/p>\n","protected":false},"author":4,"featured_media":2174,"comment_status":"closed","ping_status":"closed","sticky":false,"template":"","format":"standard","meta":[],"categories":[4],"tags":[904,443,200,905],"_links":{"self":[{"href":"https:\/\/bisbalpenedes.com\/web\/wp-json\/wp\/v2\/posts\/3739"}],"collection":[{"href":"https:\/\/bisbalpenedes.com\/web\/wp-json\/wp\/v2\/posts"}],"about":[{"href":"https:\/\/bisbalpenedes.com\/web\/wp-json\/wp\/v2\/types\/post"}],"author":[{"embeddable":true,"href":"https:\/\/bisbalpenedes.com\/web\/wp-json\/wp\/v2\/users\/4"}],"replies":[{"embeddable":true,"href":"https:\/\/bisbalpenedes.com\/web\/wp-json\/wp\/v2\/comments?post=3739"}],"version-history":[{"count":2,"href":"https:\/\/bisbalpenedes.com\/web\/wp-json\/wp\/v2\/posts\/3739\/revisions"}],"predecessor-version":[{"id":3741,"href":"https:\/\/bisbalpenedes.com\/web\/wp-json\/wp\/v2\/posts\/3739\/revisions\/3741"}],"wp:featuredmedia":[{"embeddable":true,"href":"https:\/\/bisbalpenedes.com\/web\/wp-json\/wp\/v2\/media\/2174"}],"wp:attachment":[{"href":"https:\/\/bisbalpenedes.com\/web\/wp-json\/wp\/v2\/media?parent=3739"}],"wp:term":[{"taxonomy":"category","embeddable":true,"href":"https:\/\/bisbalpenedes.com\/web\/wp-json\/wp\/v2\/categories?post=3739"},{"taxonomy":"post_tag","embeddable":true,"href":"https:\/\/bisbalpenedes.com\/web\/wp-json\/wp\/v2\/tags?post=3739"}],"curies":[{"name":"wp","href":"https:\/\/api.w.org\/{rel}","templated":true}]}}