{"id":3716,"date":"2017-11-20T09:03:29","date_gmt":"2017-11-20T08:03:29","guid":{"rendered":"http:\/\/bisbalpenedes.com\/web\/?p=3716"},"modified":"2017-11-20T12:06:53","modified_gmt":"2017-11-20T11:06:53","slug":"aquest-dijous-a-les-19h-el-cmc-acull-una-xerrada-de-salut-en-el-marc-de-la-marato-de-tv3","status":"publish","type":"post","link":"https:\/\/bisbalpenedes.com\/web\/2017\/11\/20\/aquest-dijous-a-les-19h-el-cmc-acull-una-xerrada-de-salut-en-el-marc-de-la-marato-de-tv3\/","title":{"rendered":"Aquest dilluns a les 19h el CMC acull una xerrada sobre malalties infeccioses en el marc de La Marat\u00f3 de TV3"},"content":{"rendered":"<p>Aquest dilluns 20 de novembre a les 19h\u00a0tindr\u00e0 lloc una xerrada sobre les malalties infeccioses a c\u00e0rrec del bi\u00f2leg Boi Sagarra Pascual. L&#8217;acte es desenvolupar\u00e0 a la Biblioteca P\u00fablica del Centre Municipal de Cultura (CMC).<a href=\"http:\/\/bisbalpenedes.com\/web\/wp-content\/uploads\/2017\/11\/marato-20172a.jpg\"><br \/>\n<\/a><\/p>\n<p><a href=\"http:\/\/bisbalpenedes.com\/web\/wp-content\/uploads\/2017\/11\/marato-20172a.jpg\"><img loading=\"lazy\" class=\"aligncenter size-large wp-image-3781\" src=\"http:\/\/bisbalpenedes.com\/web\/wp-content\/uploads\/2017\/11\/marato-20172a-724x1024.jpg\" alt=\"marato-20172a\" width=\"630\" height=\"891\" srcset=\"https:\/\/bisbalpenedes.com\/web\/wp-content\/uploads\/2017\/11\/marato-20172a-724x1024.jpg 724w, https:\/\/bisbalpenedes.com\/web\/wp-content\/uploads\/2017\/11\/marato-20172a-600x849.jpg 600w, https:\/\/bisbalpenedes.com\/web\/wp-content\/uploads\/2017\/11\/marato-20172a-212x300.jpg 212w, https:\/\/bisbalpenedes.com\/web\/wp-content\/uploads\/2017\/11\/marato-20172a-768x1087.jpg 768w, https:\/\/bisbalpenedes.com\/web\/wp-content\/uploads\/2017\/11\/marato-20172a.jpg 1169w\" sizes=\"(max-width: 630px) 100vw, 630px\" \/><\/a><\/p>\n","protected":false},"excerpt":{"rendered":"<p>Aquest dilluns 20 de novembre a les 19h\u00a0tindr\u00e0 lloc una xerrada sobre les malalties infeccioses a c\u00e0rrec del bi\u00f2leg Boi Sagarra Pascual. L&#8217;acte es desenvolupar\u00e0 a la Biblioteca P\u00fablica del &hellip; <a href=\"https:\/\/bisbalpenedes.com\/web\/2017\/11\/20\/aquest-dijous-a-les-19h-el-cmc-acull-una-xerrada-de-salut-en-el-marc-de-la-marato-de-tv3\/\" class=\"more-link\">Read More<\/a><\/p>\n","protected":false},"author":4,"featured_media":3718,"comment_status":"closed","ping_status":"closed","sticky":false,"template":"","format":"standard","meta":[],"categories":[8],"tags":[930,931,226,899,900,901,903,145],"_links":{"self":[{"href":"https:\/\/bisbalpenedes.com\/web\/wp-json\/wp\/v2\/posts\/3716"}],"collection":[{"href":"https:\/\/bisbalpenedes.com\/web\/wp-json\/wp\/v2\/posts"}],"about":[{"href":"https:\/\/bisbalpenedes.com\/web\/wp-json\/wp\/v2\/types\/post"}],"author":[{"embeddable":true,"href":"https:\/\/bisbalpenedes.com\/web\/wp-json\/wp\/v2\/users\/4"}],"replies":[{"embeddable":true,"href":"https:\/\/bisbalpenedes.com\/web\/wp-json\/wp\/v2\/comments?post=3716"}],"version-history":[{"count":4,"href":"https:\/\/bisbalpenedes.com\/web\/wp-json\/wp\/v2\/posts\/3716\/revisions"}],"predecessor-version":[{"id":3783,"href":"https:\/\/bisbalpenedes.com\/web\/wp-json\/wp\/v2\/posts\/3716\/revisions\/3783"}],"wp:featuredmedia":[{"embeddable":true,"href":"https:\/\/bisbalpenedes.com\/web\/wp-json\/wp\/v2\/media\/3718"}],"wp:attachment":[{"href":"https:\/\/bisbalpenedes.com\/web\/wp-json\/wp\/v2\/media?parent=3716"}],"wp:term":[{"taxonomy":"category","embeddable":true,"href":"https:\/\/bisbalpenedes.com\/web\/wp-json\/wp\/v2\/categories?post=3716"},{"taxonomy":"post_tag","embeddable":true,"href":"https:\/\/bisbalpenedes.com\/web\/wp-json\/wp\/v2\/tags?post=3716"}],"curies":[{"name":"wp","href":"https:\/\/api.w.org\/{rel}","templated":true}]}}