{"id":3704,"date":"2017-11-03T08:09:06","date_gmt":"2017-11-03T07:09:06","guid":{"rendered":"http:\/\/bisbalpenedes.com\/web\/?p=3704"},"modified":"2017-11-03T13:59:44","modified_gmt":"2017-11-03T12:59:44","slug":"exposicio-publica-del-cens-electoral","status":"publish","type":"post","link":"https:\/\/bisbalpenedes.com\/web\/2017\/11\/03\/exposicio-publica-del-cens-electoral\/","title":{"rendered":"Eleccions al Parlament de Catalunya. Exposici\u00f3 p\u00fablica del cens electoral."},"content":{"rendered":"<p>Es posa en general coneixement que amb motiu de les Eleccions al Parlament de Catalunya del proper 21 de desembre i en compliment de l&#8217;establert a la Llei org\u00e0nica del r\u00e8gim electoral, article 39, del <strong>3 al 10 de novembre<\/strong> estaran en exposici\u00f3 p\u00fablica les llistes del Cens Electoral amb l&#8217;objecte que cada ciutad\u00e0 pugui fer la consulta sobre la seva inscripci\u00f3 i, si s&#8217;escau, presentar reclamaci\u00f3.<\/p>\n<p>Per consultar el cens electoral cal que us adreceu al primer pis de l&#8217;Ajuntament.<\/p>\n<p>Val a dir que el cens es va tancar l&#8217;1 d&#8217;agost. Aix\u00ed, cadasc\u00fa haur\u00e0 de votar al lloc on estava empadronat a data de 31 de juliol.<\/p>\n","protected":false},"excerpt":{"rendered":"<p>Es posa en general coneixement que amb motiu de les Eleccions al Parlament de Catalunya del proper 21 de desembre i en compliment de l&#8217;establert a la Llei org\u00e0nica del &hellip; <a href=\"https:\/\/bisbalpenedes.com\/web\/2017\/11\/03\/exposicio-publica-del-cens-electoral\/\" class=\"more-link\">Read More<\/a><\/p>\n","protected":false},"author":4,"featured_media":2355,"comment_status":"closed","ping_status":"closed","sticky":false,"template":"","format":"standard","meta":[],"categories":[4],"tags":[890,891,893,888,892,889],"_links":{"self":[{"href":"https:\/\/bisbalpenedes.com\/web\/wp-json\/wp\/v2\/posts\/3704"}],"collection":[{"href":"https:\/\/bisbalpenedes.com\/web\/wp-json\/wp\/v2\/posts"}],"about":[{"href":"https:\/\/bisbalpenedes.com\/web\/wp-json\/wp\/v2\/types\/post"}],"author":[{"embeddable":true,"href":"https:\/\/bisbalpenedes.com\/web\/wp-json\/wp\/v2\/users\/4"}],"replies":[{"embeddable":true,"href":"https:\/\/bisbalpenedes.com\/web\/wp-json\/wp\/v2\/comments?post=3704"}],"version-history":[{"count":3,"href":"https:\/\/bisbalpenedes.com\/web\/wp-json\/wp\/v2\/posts\/3704\/revisions"}],"predecessor-version":[{"id":3710,"href":"https:\/\/bisbalpenedes.com\/web\/wp-json\/wp\/v2\/posts\/3704\/revisions\/3710"}],"wp:featuredmedia":[{"embeddable":true,"href":"https:\/\/bisbalpenedes.com\/web\/wp-json\/wp\/v2\/media\/2355"}],"wp:attachment":[{"href":"https:\/\/bisbalpenedes.com\/web\/wp-json\/wp\/v2\/media?parent=3704"}],"wp:term":[{"taxonomy":"category","embeddable":true,"href":"https:\/\/bisbalpenedes.com\/web\/wp-json\/wp\/v2\/categories?post=3704"},{"taxonomy":"post_tag","embeddable":true,"href":"https:\/\/bisbalpenedes.com\/web\/wp-json\/wp\/v2\/tags?post=3704"}],"curies":[{"name":"wp","href":"https:\/\/api.w.org\/{rel}","templated":true}]}}