{"id":3699,"date":"2017-11-02T21:15:14","date_gmt":"2017-11-02T20:15:14","guid":{"rendered":"http:\/\/bisbalpenedes.com\/web\/?p=3699"},"modified":"2017-11-02T21:18:04","modified_gmt":"2017-11-02T20:18:04","slug":"lajuntament-de-la-bisbal-ha-signat-un-conveni-amb-lagrupacio-de-defensa-forestal-clot-de-bou","status":"publish","type":"post","link":"https:\/\/bisbalpenedes.com\/web\/2017\/11\/02\/lajuntament-de-la-bisbal-ha-signat-un-conveni-amb-lagrupacio-de-defensa-forestal-clot-de-bou\/","title":{"rendered":"L&#8217;Ajuntament de La Bisbal ha signat un conveni amb l&#8217;Agrupaci\u00f3 de Defensa Forestal Clot de Bou"},"content":{"rendered":"<h6 style=\"text-align: center;\"><a href=\"http:\/\/bisbalpenedes.com\/web\/wp-content\/uploads\/2017\/11\/ADF-CONVENI.jpg\"><img loading=\"lazy\" class=\"aligncenter size-large wp-image-3700\" src=\"http:\/\/bisbalpenedes.com\/web\/wp-content\/uploads\/2017\/11\/ADF-CONVENI-1024x576.jpg\" alt=\"ADF CONVENI\" width=\"630\" height=\"354\" srcset=\"https:\/\/bisbalpenedes.com\/web\/wp-content\/uploads\/2017\/11\/ADF-CONVENI-1024x576.jpg 1024w, https:\/\/bisbalpenedes.com\/web\/wp-content\/uploads\/2017\/11\/ADF-CONVENI-600x337.jpg 600w, https:\/\/bisbalpenedes.com\/web\/wp-content\/uploads\/2017\/11\/ADF-CONVENI-300x169.jpg 300w, https:\/\/bisbalpenedes.com\/web\/wp-content\/uploads\/2017\/11\/ADF-CONVENI-768x432.jpg 768w, https:\/\/bisbalpenedes.com\/web\/wp-content\/uploads\/2017\/11\/ADF-CONVENI.jpg 1599w\" sizes=\"(max-width: 630px) 100vw, 630px\" \/><\/a>A la fotografia: Leo Uceda, regidora de Medi Ambient; Agn\u00e8s Ferr\u00e9, alcaldessa de La Bisbal; Xavier Ortiz, president de l&#8217;Agrupaci\u00f3 de Defensa Forestal Clot de Bou<\/h6>\n<p>L&#8217;Ajuntament de La Bisbal del Pened\u00e8s ha signat un acord amb l&#8217;ADF (Agrupaci\u00f3 de Defensa Forestal) Clot de Bou. Aquest conveni, que es va aprovar per Junta de Govern el dijous 19 d&#8217;octubre de 2017, es va signar entre l&#8217;alcaldessa, Agn\u00e8s Ferr\u00e9, i el president de l&#8217;entitat, Xavier Ortiz, el passat dimecres 25 d&#8217;octubre.<\/p>\n<p>El conveni, d&#8217;un import de 5.000\u20ac, \u00e9s per la col\u00b7laboraci\u00f3 i l&#8217;assessorament en la redacci\u00f3 i execuci\u00f3 dels plans d&#8217;autoprotecci\u00f3 contra incendis forestals, pel Pla d&#8217;Actuaci\u00f3 Municipal i per a la participaci\u00f3 en tasques de prevenci\u00f3 d&#8217;incendis en actes que pugui organitzar l&#8217;Ajuntament de La Bisbal, com ara correfocs, que puguin contemplar actuacions sobre l&#8217;arbrat p\u00fablic. El pla tamb\u00e9 contempla la neteja de la via p\u00fablica en casos excepcionals.<\/p>\n<p>A banda d&#8217;aquest conveni, l&#8217;Ajuntament cedeix a l&#8217;ADF un espai i assumeix el cost de l&#8217;electricitat i el tel\u00e8fon. La Regidora encarregada de mantenir el contacte amb l&#8217;entitat i vetllar pel bon funcionament del conveni ser\u00e0 la regidora de Medi Ambient, Leo Uceda.<\/p>\n","protected":false},"excerpt":{"rendered":"<p>A la fotografia: Leo Uceda, regidora de Medi Ambient; Agn\u00e8s Ferr\u00e9, alcaldessa de La Bisbal; Xavier Ortiz, president de l&#8217;Agrupaci\u00f3 de Defensa Forestal Clot de Bou L&#8217;Ajuntament de La Bisbal &hellip; <a href=\"https:\/\/bisbalpenedes.com\/web\/2017\/11\/02\/lajuntament-de-la-bisbal-ha-signat-un-conveni-amb-lagrupacio-de-defensa-forestal-clot-de-bou\/\" class=\"more-link\">Read More<\/a><\/p>\n","protected":false},"author":4,"featured_media":3700,"comment_status":"closed","ping_status":"closed","sticky":false,"template":"","format":"standard","meta":[],"categories":[32],"tags":[884,885,887,295,883,886],"_links":{"self":[{"href":"https:\/\/bisbalpenedes.com\/web\/wp-json\/wp\/v2\/posts\/3699"}],"collection":[{"href":"https:\/\/bisbalpenedes.com\/web\/wp-json\/wp\/v2\/posts"}],"about":[{"href":"https:\/\/bisbalpenedes.com\/web\/wp-json\/wp\/v2\/types\/post"}],"author":[{"embeddable":true,"href":"https:\/\/bisbalpenedes.com\/web\/wp-json\/wp\/v2\/users\/4"}],"replies":[{"embeddable":true,"href":"https:\/\/bisbalpenedes.com\/web\/wp-json\/wp\/v2\/comments?post=3699"}],"version-history":[{"count":3,"href":"https:\/\/bisbalpenedes.com\/web\/wp-json\/wp\/v2\/posts\/3699\/revisions"}],"predecessor-version":[{"id":3703,"href":"https:\/\/bisbalpenedes.com\/web\/wp-json\/wp\/v2\/posts\/3699\/revisions\/3703"}],"wp:featuredmedia":[{"embeddable":true,"href":"https:\/\/bisbalpenedes.com\/web\/wp-json\/wp\/v2\/media\/3700"}],"wp:attachment":[{"href":"https:\/\/bisbalpenedes.com\/web\/wp-json\/wp\/v2\/media?parent=3699"}],"wp:term":[{"taxonomy":"category","embeddable":true,"href":"https:\/\/bisbalpenedes.com\/web\/wp-json\/wp\/v2\/categories?post=3699"},{"taxonomy":"post_tag","embeddable":true,"href":"https:\/\/bisbalpenedes.com\/web\/wp-json\/wp\/v2\/tags?post=3699"}],"curies":[{"name":"wp","href":"https:\/\/api.w.org\/{rel}","templated":true}]}}