{"id":36905,"date":"2025-07-21T13:23:00","date_gmt":"2025-07-21T11:23:00","guid":{"rendered":"https:\/\/bisbalpenedes.com\/web\/?p=36905"},"modified":"2026-03-18T13:29:34","modified_gmt":"2026-03-18T11:29:34","slug":"entrevista-a-la-cristina-puig-de-ghedina-obrador","status":"publish","type":"post","link":"https:\/\/bisbalpenedes.com\/web\/2025\/07\/21\/entrevista-a-la-cristina-puig-de-ghedina-obrador\/","title":{"rendered":"Entrevista a la Cristina Puig de Ghedina Obrador"},"content":{"rendered":"\n<p>Ghedina Obrador \u00e9s un nou establiment de la Bisbal del Pened\u00e8s. Aqu\u00ed us deixem una breu entrevista que vam mantenir amb la Cristina Puig, perqu\u00e8 pugueu con\u00e8ixer una mica millor aquest establiment, regentat per ella. Hi podeu trobar gelats, sorbets, orxata fresca, postres i molt m\u00e9s.<\/p>\n\n\n\n<p>Podeu trobar una versi\u00f3 redu\u00efda d\u2019aquesta conversa a la revista municipal Torre de Guaita, en un espai de conversa centrat en el teixit comercial bisbalenc.<\/p>\n\n\n\n<hr class=\"wp-block-separator has-alpha-channel-opacity\"\/>\n\n\n\n<p>Ghedina Obrador es un nuevo establecimiento de la Bisbal del Pened\u00e8s. Aqu\u00ed os dejamos una breve entrevista que mantuvimos con Cristina Puig, para que pod\u00e1is conocer un poco mejor este establecimiento, regentado por ella. All\u00ed pod\u00e9is encontrar helados, sorbetes, orchata fresca, postres y mucho m\u00e1s.<\/p>\n\n\n\n<p>Pod\u00e9is encontrar una versi\u00f3n reducida de esta conversaci\u00f3n en la revista municipal Torre de Guaita, en un espacio de conversaci\u00f3n centrado en el tejido comercial bisbalenc.<\/p>\n\n\n\n<figure class=\"wp-block-image size-large\"><img loading=\"lazy\" width=\"820\" height=\"1024\" src=\"https:\/\/bisbalpenedes.com\/web\/wp-content\/uploads\/2026\/03\/EA58BEBB-BC45-4B17-A336-E73865B7DD29-820x1024.jpg\" alt=\"\" class=\"wp-image-36907\" srcset=\"https:\/\/bisbalpenedes.com\/web\/wp-content\/uploads\/2026\/03\/EA58BEBB-BC45-4B17-A336-E73865B7DD29-820x1024.jpg 820w, https:\/\/bisbalpenedes.com\/web\/wp-content\/uploads\/2026\/03\/EA58BEBB-BC45-4B17-A336-E73865B7DD29-240x300.jpg 240w, https:\/\/bisbalpenedes.com\/web\/wp-content\/uploads\/2026\/03\/EA58BEBB-BC45-4B17-A336-E73865B7DD29-768x959.jpg 768w, https:\/\/bisbalpenedes.com\/web\/wp-content\/uploads\/2026\/03\/EA58BEBB-BC45-4B17-A336-E73865B7DD29-600x749.jpg 600w, https:\/\/bisbalpenedes.com\/web\/wp-content\/uploads\/2026\/03\/EA58BEBB-BC45-4B17-A336-E73865B7DD29.jpg 1080w\" sizes=\"(max-width: 820px) 100vw, 820px\" \/><\/figure>\n","protected":false},"excerpt":{"rendered":"<p>Ghedina Obrador \u00e9s un nou establiment de la Bisbal del Pened\u00e8s. Aqu\u00ed us deixem una breu entrevista que vam mantenir amb la Cristina Puig, perqu\u00e8 pugueu con\u00e8ixer una mica millor &hellip; <a href=\"https:\/\/bisbalpenedes.com\/web\/2025\/07\/21\/entrevista-a-la-cristina-puig-de-ghedina-obrador\/\" class=\"more-link\">Read More<\/a><\/p>\n","protected":false},"author":4,"featured_media":36906,"comment_status":"closed","ping_status":"closed","sticky":false,"template":"","format":"standard","meta":[],"categories":[3860,8],"tags":[4143,7419,7418,4204,393,1374],"_links":{"self":[{"href":"https:\/\/bisbalpenedes.com\/web\/wp-json\/wp\/v2\/posts\/36905"}],"collection":[{"href":"https:\/\/bisbalpenedes.com\/web\/wp-json\/wp\/v2\/posts"}],"about":[{"href":"https:\/\/bisbalpenedes.com\/web\/wp-json\/wp\/v2\/types\/post"}],"author":[{"embeddable":true,"href":"https:\/\/bisbalpenedes.com\/web\/wp-json\/wp\/v2\/users\/4"}],"replies":[{"embeddable":true,"href":"https:\/\/bisbalpenedes.com\/web\/wp-json\/wp\/v2\/comments?post=36905"}],"version-history":[{"count":1,"href":"https:\/\/bisbalpenedes.com\/web\/wp-json\/wp\/v2\/posts\/36905\/revisions"}],"predecessor-version":[{"id":36908,"href":"https:\/\/bisbalpenedes.com\/web\/wp-json\/wp\/v2\/posts\/36905\/revisions\/36908"}],"wp:featuredmedia":[{"embeddable":true,"href":"https:\/\/bisbalpenedes.com\/web\/wp-json\/wp\/v2\/media\/36906"}],"wp:attachment":[{"href":"https:\/\/bisbalpenedes.com\/web\/wp-json\/wp\/v2\/media?parent=36905"}],"wp:term":[{"taxonomy":"category","embeddable":true,"href":"https:\/\/bisbalpenedes.com\/web\/wp-json\/wp\/v2\/categories?post=36905"},{"taxonomy":"post_tag","embeddable":true,"href":"https:\/\/bisbalpenedes.com\/web\/wp-json\/wp\/v2\/tags?post=36905"}],"curies":[{"name":"wp","href":"https:\/\/api.w.org\/{rel}","templated":true}]}}