{"id":36899,"date":"2025-11-14T13:16:00","date_gmt":"2025-11-14T11:16:00","guid":{"rendered":"https:\/\/bisbalpenedes.com\/web\/?p=36899"},"modified":"2026-03-18T13:22:46","modified_gmt":"2026-03-18T11:22:46","slug":"entrevista-al-forn-de-ca-lavi","status":"publish","type":"post","link":"https:\/\/bisbalpenedes.com\/web\/2025\/11\/14\/entrevista-al-forn-de-ca-lavi\/","title":{"rendered":"Entrevista a la S\u00f2nia Ben\u00edtez del Forn de Ca l&#8217;Avi"},"content":{"rendered":"\n<p>El passat mes de juny va obrir el Forn de Ca l&#8217;Avi a l&#8217;avinguda Baix Pened\u00e8s. Aqu\u00ed us deixem una breu entrevista que vam mantenir amb la S\u00f2nia Ben\u00edtez, perqu\u00e8 pugueu con\u00e8ixer una mica millor aquest forn, regentat per ella i la seva parella, el Cristian Hern\u00e1ndez. <\/p>\n\n\n\n<p>Podeu trobar una versi\u00f3 redu\u00efda d\u2019aquesta conversa a la revista municipal Torre de Guaita, en un espai de conversa centrat en el teixit comercial bisbalenc.<\/p>\n\n\n\n<hr class=\"wp-block-separator has-alpha-channel-opacity\"\/>\n\n\n\n<p>El pasado mes de junio abri\u00f3 el Forn de Ca l&#8217;Avi en la avenida Baix Pened\u00e8s. Aqu\u00ed os dejamos una breve entrevista que mantuvimos con S\u00f2nia Ben\u00edtez, para para que pod\u00e1is conocer un poco mejor este horno, regentado por ella y su pareja, Cristian Hern\u00e1ndez. <\/p>\n\n\n\n<p>Pod\u00e9is encontrar una versi\u00f3n reducida de esta conversaci\u00f3n en la revista municipal Torre de Guaita, en un espacio de conversaci\u00f3n centrado en el tejido comercial bisbalenc.<\/p>\n\n\n\n<figure class=\"wp-block-image size-large\"><img loading=\"lazy\" width=\"819\" height=\"1024\" src=\"https:\/\/bisbalpenedes.com\/web\/wp-content\/uploads\/2026\/03\/FORN-DE-CA-LAVI-ENTREVISTA-819x1024.jpg\" alt=\"\" class=\"wp-image-36900\" srcset=\"https:\/\/bisbalpenedes.com\/web\/wp-content\/uploads\/2026\/03\/FORN-DE-CA-LAVI-ENTREVISTA-819x1024.jpg 819w, https:\/\/bisbalpenedes.com\/web\/wp-content\/uploads\/2026\/03\/FORN-DE-CA-LAVI-ENTREVISTA-240x300.jpg 240w, https:\/\/bisbalpenedes.com\/web\/wp-content\/uploads\/2026\/03\/FORN-DE-CA-LAVI-ENTREVISTA-768x960.jpg 768w, https:\/\/bisbalpenedes.com\/web\/wp-content\/uploads\/2026\/03\/FORN-DE-CA-LAVI-ENTREVISTA-600x750.jpg 600w, https:\/\/bisbalpenedes.com\/web\/wp-content\/uploads\/2026\/03\/FORN-DE-CA-LAVI-ENTREVISTA.jpg 1080w\" sizes=\"(max-width: 819px) 100vw, 819px\" \/><\/figure>\n","protected":false},"excerpt":{"rendered":"<p>El passat mes de juny va obrir el Forn de Ca l&#8217;Avi a l&#8217;avinguda Baix Pened\u00e8s. Aqu\u00ed us deixem una breu entrevista que vam mantenir amb la S\u00f2nia Ben\u00edtez, perqu\u00e8 &hellip; <a href=\"https:\/\/bisbalpenedes.com\/web\/2025\/11\/14\/entrevista-al-forn-de-ca-lavi\/\" class=\"more-link\">Read More<\/a><\/p>\n","protected":false},"author":4,"featured_media":36901,"comment_status":"closed","ping_status":"closed","sticky":false,"template":"","format":"standard","meta":[],"categories":[3860,8],"tags":[],"_links":{"self":[{"href":"https:\/\/bisbalpenedes.com\/web\/wp-json\/wp\/v2\/posts\/36899"}],"collection":[{"href":"https:\/\/bisbalpenedes.com\/web\/wp-json\/wp\/v2\/posts"}],"about":[{"href":"https:\/\/bisbalpenedes.com\/web\/wp-json\/wp\/v2\/types\/post"}],"author":[{"embeddable":true,"href":"https:\/\/bisbalpenedes.com\/web\/wp-json\/wp\/v2\/users\/4"}],"replies":[{"embeddable":true,"href":"https:\/\/bisbalpenedes.com\/web\/wp-json\/wp\/v2\/comments?post=36899"}],"version-history":[{"count":3,"href":"https:\/\/bisbalpenedes.com\/web\/wp-json\/wp\/v2\/posts\/36899\/revisions"}],"predecessor-version":[{"id":36904,"href":"https:\/\/bisbalpenedes.com\/web\/wp-json\/wp\/v2\/posts\/36899\/revisions\/36904"}],"wp:featuredmedia":[{"embeddable":true,"href":"https:\/\/bisbalpenedes.com\/web\/wp-json\/wp\/v2\/media\/36901"}],"wp:attachment":[{"href":"https:\/\/bisbalpenedes.com\/web\/wp-json\/wp\/v2\/media?parent=36899"}],"wp:term":[{"taxonomy":"category","embeddable":true,"href":"https:\/\/bisbalpenedes.com\/web\/wp-json\/wp\/v2\/categories?post=36899"},{"taxonomy":"post_tag","embeddable":true,"href":"https:\/\/bisbalpenedes.com\/web\/wp-json\/wp\/v2\/tags?post=36899"}],"curies":[{"name":"wp","href":"https:\/\/api.w.org\/{rel}","templated":true}]}}