{"id":36894,"date":"2026-03-09T13:08:00","date_gmt":"2026-03-09T11:08:00","guid":{"rendered":"https:\/\/bisbalpenedes.com\/web\/?p=36894"},"modified":"2026-03-18T13:14:33","modified_gmt":"2026-03-18T11:14:33","slug":"entrevista-comercial-ara-fa-un-any-que-va-obrir-el-bar-sector-b-al-priorat-de-la-bisbal","status":"publish","type":"post","link":"https:\/\/bisbalpenedes.com\/web\/2026\/03\/09\/entrevista-comercial-ara-fa-un-any-que-va-obrir-el-bar-sector-b-al-priorat-de-la-bisbal\/","title":{"rendered":"Entrevista comercial: ara fa un any que va obrir el Bar Sector B al Priorat de la Bisbal"},"content":{"rendered":"\n<p>Ara fa un any va obrir el Bar Sector B a l&#8217;avinguda del Priorat, 23 del Priorat de la Bisbal. Aqu\u00ed us deixem una breu entrevista que vam mantenir amb la Nina M\u00e1rmol a finals de l&#8217;any passat, perqu\u00e8 pugueu con\u00e8ixer una mica millor aquest bar, regentat per ella. A finals de l&#8217;any passat vau poder trobar una versi\u00f3 redu\u00efda d&#8217;aquesta conversa a la revista municipal Torre de Guaita, en un espai de conversa centrat en el teixit comercial bisbalenc.<\/p>\n\n\n\n<hr class=\"wp-block-separator has-alpha-channel-opacity\"\/>\n\n\n\n<p>Hace un a\u00f1o abri\u00f3 el Bar Sector B en la avenida del Priorat, 23 del Priorat de la Bisbal. Aqu\u00ed os dejamos una breve entrevista que mantuvimos con Nina M\u00e1rmol a finales del a\u00f1o pasado, para que pod\u00e1is conocer un poco mejor este bar, regentado por ella. A finales del a\u00f1o pasado pudisteis encontrar una versi\u00f3n reducida de esta conversaci\u00f3n en la revista municipal Torre de Guaita, en un espacio de conversaci\u00f3n centrado en el tejido comercial bisbalenc.<\/p>\n\n\n\n<figure class=\"wp-block-image size-large\"><img loading=\"lazy\" width=\"819\" height=\"1024\" src=\"https:\/\/bisbalpenedes.com\/web\/wp-content\/uploads\/2026\/03\/ENTREVISTA-NINA-XARXES-SOCIALS-819x1024.jpg\" alt=\"\" class=\"wp-image-36895\" srcset=\"https:\/\/bisbalpenedes.com\/web\/wp-content\/uploads\/2026\/03\/ENTREVISTA-NINA-XARXES-SOCIALS-819x1024.jpg 819w, https:\/\/bisbalpenedes.com\/web\/wp-content\/uploads\/2026\/03\/ENTREVISTA-NINA-XARXES-SOCIALS-240x300.jpg 240w, https:\/\/bisbalpenedes.com\/web\/wp-content\/uploads\/2026\/03\/ENTREVISTA-NINA-XARXES-SOCIALS-768x960.jpg 768w, https:\/\/bisbalpenedes.com\/web\/wp-content\/uploads\/2026\/03\/ENTREVISTA-NINA-XARXES-SOCIALS-600x750.jpg 600w, https:\/\/bisbalpenedes.com\/web\/wp-content\/uploads\/2026\/03\/ENTREVISTA-NINA-XARXES-SOCIALS.jpg 1080w\" sizes=\"(max-width: 819px) 100vw, 819px\" \/><\/figure>\n","protected":false},"excerpt":{"rendered":"<p>Ara fa un any va obrir el Bar Sector B a l&#8217;avinguda del Priorat, 23 del Priorat de la Bisbal. Aqu\u00ed us deixem una breu entrevista que vam mantenir amb &hellip; <a href=\"https:\/\/bisbalpenedes.com\/web\/2026\/03\/09\/entrevista-comercial-ara-fa-un-any-que-va-obrir-el-bar-sector-b-al-priorat-de-la-bisbal\/\" class=\"more-link\">Read More<\/a><\/p>\n","protected":false},"author":4,"featured_media":36897,"comment_status":"closed","ping_status":"closed","sticky":false,"template":"","format":"standard","meta":[],"categories":[3860,8],"tags":[459,4204],"_links":{"self":[{"href":"https:\/\/bisbalpenedes.com\/web\/wp-json\/wp\/v2\/posts\/36894"}],"collection":[{"href":"https:\/\/bisbalpenedes.com\/web\/wp-json\/wp\/v2\/posts"}],"about":[{"href":"https:\/\/bisbalpenedes.com\/web\/wp-json\/wp\/v2\/types\/post"}],"author":[{"embeddable":true,"href":"https:\/\/bisbalpenedes.com\/web\/wp-json\/wp\/v2\/users\/4"}],"replies":[{"embeddable":true,"href":"https:\/\/bisbalpenedes.com\/web\/wp-json\/wp\/v2\/comments?post=36894"}],"version-history":[{"count":1,"href":"https:\/\/bisbalpenedes.com\/web\/wp-json\/wp\/v2\/posts\/36894\/revisions"}],"predecessor-version":[{"id":36896,"href":"https:\/\/bisbalpenedes.com\/web\/wp-json\/wp\/v2\/posts\/36894\/revisions\/36896"}],"wp:featuredmedia":[{"embeddable":true,"href":"https:\/\/bisbalpenedes.com\/web\/wp-json\/wp\/v2\/media\/36897"}],"wp:attachment":[{"href":"https:\/\/bisbalpenedes.com\/web\/wp-json\/wp\/v2\/media?parent=36894"}],"wp:term":[{"taxonomy":"category","embeddable":true,"href":"https:\/\/bisbalpenedes.com\/web\/wp-json\/wp\/v2\/categories?post=36894"},{"taxonomy":"post_tag","embeddable":true,"href":"https:\/\/bisbalpenedes.com\/web\/wp-json\/wp\/v2\/tags?post=36894"}],"curies":[{"name":"wp","href":"https:\/\/api.w.org\/{rel}","templated":true}]}}