{"id":36735,"date":"2026-03-13T15:00:21","date_gmt":"2026-03-13T13:00:21","guid":{"rendered":"https:\/\/bisbalpenedes.com\/web\/?p=36735"},"modified":"2026-03-13T15:00:22","modified_gmt":"2026-03-13T13:00:22","slug":"lajuntament-de-la-bisbal-del-penedes-ha-estat-present-a-la-jornada-territorial-de-ciberseguretat","status":"publish","type":"post","link":"https:\/\/bisbalpenedes.com\/web\/2026\/03\/13\/lajuntament-de-la-bisbal-del-penedes-ha-estat-present-a-la-jornada-territorial-de-ciberseguretat\/","title":{"rendered":"L&#8217;Ajuntament de la Bisbal del Pened\u00e8s ha estat present a la jornada territorial de ciberseguretat"},"content":{"rendered":"\n<p>L\u2019Ajuntament de la Bisbal del Pened\u00e8s va estar present el dimarts 10 de mar\u00e7 a la jornada territorial de ciberseguretat celebrada al Tecnoparc de Reus, organitzada per l\u2019Ag\u00e8ncia de Ciberseguretat de Catalunya i els Mossos d\u2019Esquadra.<\/p>\n\n\n\n<p>La sessi\u00f3 va servir per analitzar les principals amenaces digitals que afecten les administracions locals i con\u00e8ixer eines i protocols per prevenir ciberatacs, millorar la capacitat de resposta i refor\u00e7ar els mecanismes de den\u00fancia.<\/p>\n\n\n\n<p>Aquestes jornades tenen com a objectiu refor\u00e7ar la conscienciaci\u00f3 i la prevenci\u00f3 en ciberseguretat al m\u00f3n local i avan\u00e7ar cap a administracions m\u00e9s segures i preparades davant les ciberamenaces.<\/p>\n\n\n\n<hr class=\"wp-block-separator has-alpha-channel-opacity\"\/>\n\n\n\n<p>El Ajuntament de La Bisbal del Pened\u00e8s estuvo presente el martes 10 de marzo en la jornada territorial de ciberseguridad celebrada en el Tecnoparc de Reus, organizada por la Agencia de Ciberseguridad de Catalu\u00f1a y los Mossos d\u2019Esquadra.<\/p>\n\n\n\n<p>La sesi\u00f3n sirvi\u00f3 para analizar las principales amenazas digitales que afectan a las administraciones locales y conocer herramientas y protocolos para prevenir ciberataques, mejorar la capacidad de respuesta y reforzar los mecanismos de denuncia.<\/p>\n\n\n\n<p>Estas jornadas tienen como objetivo reforzar la concienciaci\u00f3n y la prevenci\u00f3n en ciberseguridad en el mundo local y avanzar hacia administraciones m\u00e1s seguras y preparadas ante las ciberamenazas.<\/p>\n","protected":false},"excerpt":{"rendered":"<p>L\u2019Ajuntament de la Bisbal del Pened\u00e8s va estar present el dimarts 10 de mar\u00e7 a la jornada territorial de ciberseguretat celebrada al Tecnoparc de Reus, organitzada per l\u2019Ag\u00e8ncia de Ciberseguretat &hellip; <a href=\"https:\/\/bisbalpenedes.com\/web\/2026\/03\/13\/lajuntament-de-la-bisbal-del-penedes-ha-estat-present-a-la-jornada-territorial-de-ciberseguretat\/\" class=\"more-link\">Read More<\/a><\/p>\n","protected":false},"author":4,"featured_media":36736,"comment_status":"closed","ping_status":"closed","sticky":false,"template":"","format":"standard","meta":[],"categories":[8,4149],"tags":[459,7405,393,1374,46],"_links":{"self":[{"href":"https:\/\/bisbalpenedes.com\/web\/wp-json\/wp\/v2\/posts\/36735"}],"collection":[{"href":"https:\/\/bisbalpenedes.com\/web\/wp-json\/wp\/v2\/posts"}],"about":[{"href":"https:\/\/bisbalpenedes.com\/web\/wp-json\/wp\/v2\/types\/post"}],"author":[{"embeddable":true,"href":"https:\/\/bisbalpenedes.com\/web\/wp-json\/wp\/v2\/users\/4"}],"replies":[{"embeddable":true,"href":"https:\/\/bisbalpenedes.com\/web\/wp-json\/wp\/v2\/comments?post=36735"}],"version-history":[{"count":1,"href":"https:\/\/bisbalpenedes.com\/web\/wp-json\/wp\/v2\/posts\/36735\/revisions"}],"predecessor-version":[{"id":36737,"href":"https:\/\/bisbalpenedes.com\/web\/wp-json\/wp\/v2\/posts\/36735\/revisions\/36737"}],"wp:featuredmedia":[{"embeddable":true,"href":"https:\/\/bisbalpenedes.com\/web\/wp-json\/wp\/v2\/media\/36736"}],"wp:attachment":[{"href":"https:\/\/bisbalpenedes.com\/web\/wp-json\/wp\/v2\/media?parent=36735"}],"wp:term":[{"taxonomy":"category","embeddable":true,"href":"https:\/\/bisbalpenedes.com\/web\/wp-json\/wp\/v2\/categories?post=36735"},{"taxonomy":"post_tag","embeddable":true,"href":"https:\/\/bisbalpenedes.com\/web\/wp-json\/wp\/v2\/tags?post=36735"}],"curies":[{"name":"wp","href":"https:\/\/api.w.org\/{rel}","templated":true}]}}