{"id":36720,"date":"2026-03-12T10:19:34","date_gmt":"2026-03-12T08:19:34","guid":{"rendered":"https:\/\/bisbalpenedes.com\/web\/?p=36720"},"modified":"2026-03-12T10:23:52","modified_gmt":"2026-03-12T08:23:52","slug":"convocatoria-ple-ordinari-16-marc-2026","status":"publish","type":"post","link":"https:\/\/bisbalpenedes.com\/web\/2026\/03\/12\/convocatoria-ple-ordinari-16-marc-2026\/","title":{"rendered":"<strong>El pr\u00f2xim dilluns 16 de mar\u00e7 se celebrar\u00e0 el Ple ordinari de l&#8217;Ajuntament de la Bisbal del Pened\u00e8s<\/strong>"},"content":{"rendered":"\n<p>El pr\u00f2xim dilluns 16 de mar\u00e7, a les 18h, se celebrar\u00e0 el Ple ordinari de l&#8217;Ajuntament de la Bisbal del Pened\u00e8s corresponent a aquest trimestre.<\/p>\n\n\n\n<p>L&#8217;ordre del dia inclou els punts seg\u00fcents:<\/p>\n\n\n\n<p><strong>PART RESOLUTIVA<\/strong><\/p>\n\n\n\n<p><strong>Punt 1:<\/strong> Aprovaci\u00f3 de l&#8217;acta &nbsp;Ple ordinari de 15 de desembre de 2025.<\/p>\n\n\n\n<p><strong>Punt 2:<\/strong> Aprovaci\u00f3 de l&#8217;acta del Ple extraordinari de 23 de desembre de 2025.<\/p>\n\n\n\n<p><strong>Punt 3: <\/strong>Aprovaci\u00f3 de l&#8217;acta del Ple extraordin\u00e0ria de 9 de febrer de 2026.<\/p>\n\n\n\n<p><strong>Punt 4: <\/strong>Presa de possessi\u00f3 del c\u00e0rrec de regidor del Sr. Clemente Rodr\u00edguez, del grup de Comprom\u00eds amb la Bisbal.<\/p>\n\n\n\n<p><strong>Punt 5: <\/strong>Aprovaci\u00f3 de la modificaci\u00f3 del r\u00e8gim de dedicacions, retribucions i indemnitzacions dels c\u00e0rrecs electes.<\/p>\n\n\n\n<p><strong>Punt 6:<\/strong> Aprovaci\u00f3 de l&#8217;increment retributiu del 2,5% per al 2025, amb efectes de l\u20191 de gener de 2025 i l&#8217;increment de l&#8217;1,5% per al 2026, amb efectes de l&#8217;1 de gener del 2026, del personal municipal.<\/p>\n\n\n\n<p><strong>Punt 7:<\/strong> Aprovaci\u00f3 de la modificaci\u00f3 de la Relaci\u00f3 de Llocs de Treball.<\/p>\n\n\n\n<p><strong>Punt 8:<\/strong> Aprovaci\u00f3 de la modificaci\u00f3 de la plantilla del personal de l&#8217;exercici 2026.<\/p>\n\n\n\n<p><strong>Punt 9:<\/strong> Aprovaci\u00f3 del reconeixement de les obligacions de despeses indegudament adquirides (REC 2).<\/p>\n\n\n\n<p><strong>ACTIVITAT DE CONTROL<\/strong><\/p>\n\n\n\n<p><strong>Punt 10<\/strong>: Donar compte dels Decrets d&#8217;Alcaldia.<\/p>\n\n\n\n<p><strong>Punt 11:<\/strong> Donar compte de les actes de la Junta de Govern Local.<\/p>\n\n\n\n<p><strong>Punt 12:<\/strong> Donar compte de l&#8217;informe d&#8217;Intervenci\u00f3 relatiu a l&#8217;execuci\u00f3 del pressupost corresponent al 3r trimestre de 2025.<\/p>\n\n\n\n<p><strong>Punt 13:<\/strong> Donar compte de l&#8217;informe d&#8217;Intervenci\u00f3 relatiu als drets i ingressos del 3r trimestre de 2025.<\/p>\n\n\n\n<p><strong>Punt 14: <\/strong>Donar compte de l&#8217;informe 9\/2025 de la Sindicatura de Comptes de Catalunya.<\/p>\n\n\n\n<p><strong>Punt 15:<\/strong> Donar compte del Pla anual de control financer exercici 2026.<\/p>\n\n\n\n<p><strong>Punt 16: <\/strong>Donar compte de l&#8217;aprovaci\u00f3 del Pla de contractaci\u00f3 2026\/27.<\/p>\n\n\n\n<p><strong>Punt 17:<\/strong> Moci\u00f3 dels grups municipals Comprom\u00eds amb la Bisbal i el PSC d\u2019\u201dAjuntaments afectats per urbanitzacions amb d\u00e8ficits urban\u00edstics i\/o no recepcionades\u201d.<\/p>\n\n\n\n<p><strong>Punt 18: <\/strong>Moci\u00f3 del grup municipal Tots Som La Bisbal-Urbanizaciones Unidas d\u2019\u201dElaboraci\u00f3 i implementaci\u00f3 d&#8217;un pla municipal de control anual i peri\u00f2dic de la procession\u00e0ria del pi&#8221;. <\/p>\n\n\n\n<p><strong>Punt 19:<\/strong> Moci\u00f3 del grup municipal La Bisbal Decideix de \u201cMillorar les condicions laborals de personal educatiu i la qualitat de l\u2019educaci\u00f3 p\u00fablica\u201d.<\/p>\n\n\n\n<p><strong>Punt 20: <\/strong>Moci\u00f3 del grup municipal La Bisbal Decideix de \u201cSalut p\u00fablica i les mesures de control de la qualitat de l\u2019aigua\u201d.<\/p>\n\n\n\n<p><strong>PRECS I PREGUNTES<\/strong><\/p>\n\n\n\n<p><strong>PRECS I PREGUNTES DE LA CIUTADANIA<\/strong><\/p>\n\n\n\n<p>Segons el ROM aprovat al Ple de l\u2019Ajuntament de la Bisbal el 19 de juny de 2017, la ciutadania pot participar en els Plens Ordinaris. Tot seguit us detallem el funcionament d\u2019aquest sup\u00f2sit:<\/p>\n\n\n\n<p>Totes les persones tenen dret a intervenir en les sessions ordin\u00e0ries del Ple en el punt de l\u2019ordre del dia de \u2018Precs i preguntes\u2019, d\u2019acord amb les prescripcions seg\u00fcents:<\/p>\n\n\n\n<ul><li>El prec o pregunta s\u2019haur\u00e0 de sol\u2022licitar a l\u2019Alcaldia:<\/li><\/ul>\n\n\n\n<p>o per escrit i entrar-lo\/a al Registre General com a m\u00e0xim 24 hores abans del Ple Ordinari<\/p>\n\n\n\n<p>o Per X (abans Twitter) a @BisbalPenedes com a m\u00e0xim 24h abans del Ple Ordinari, complint el protocol d\u2019\u00fas de les xarxes socials i emprant l\u2019etiqueta&nbsp;<a href=\"https:\/\/www.facebook.com\/hashtag\/plebisbalpened%C3%A8s?__eep__=6&amp;source=feed_text&amp;epa=HASHTAG&amp;__xts__%5B0%5D=68.ARD1wXWwwlno0rOKPmoxxgSz89WYH5i8NHgdzmCY3U1GDyNswWNuLJC5R3CyiwZ8glyCklNOgb5D6-ILDBbxPeAhsZdMu8qbfllJN2mwOAG9lPX1POezHU4xpQ6CrtbSOFPuM13bcQDPXDkcT8uMdzLDRgfw5h57ESASLFFbhrUkWoxSN8IheJ2bj9-81sTG3gqQ-wPW1oTv63_qHlpWUiTPav-2exYCEXYInFYQJDcg-f8siVOv1iRTgFStQHuyX1OUlmXnMQEAJGyp0rbWxJ0DXP_c3jiScxjBnW0-ebrftvJ5rcDs6dNS_U1mdQ8lmfvzgSMIsH-xyDrOEt-i4-01nqBm&amp;__tn__=%2ANK-R\">#PleBisbalPened\u00e8s<\/a>, seguit del prec o pregunta.<\/p>\n\n\n\n<ul><li>L\u2019assumpte objecte del prec o pregunta haur\u00e0 de ser de compet\u00e8ncia municipal sobre l\u2019acci\u00f3 de govern o estar directament relacionat amb els punts inclosos a l\u2019ordre del dia.<\/li><\/ul>\n\n\n\n<ul><li>Cada ciutad\u00e0\/ana pot formular un prec i una pregunta en un mateix Ple. La longitud m\u00e0xima de cada piulada \u00e9s de 140 car\u00e0cters i no es pot continuar la pregunta en un segon \u2018tweet\u2019.<\/li><\/ul>\n\n\n\n<ul><li>L\u2019alcaldia podr\u00e0 no respondre si \u00e9s un assumpte sobre el qual l\u2019Ajuntament no t\u00e9 compet\u00e8ncies o si ja s\u2019ha presentat la mateixa pregunta en una altra sessi\u00f3 plen\u00e0ria en els \u00faltims 6 mesos.<\/li><\/ul>\n\n\n\n<ul><li>L\u2019alcaldia comunicar\u00e0, acabat el termini m\u00e0xim de presentaci\u00f3 de preguntes, a qui vagin dirigides les preguntes o peticions sol\u2022licitades perqu\u00e8 les pugui respondre.<\/li><\/ul>\n\n\n\n<ul><li>L\u2019Alcaldia llegir\u00e0 la pregunta en veu alta.<\/li><\/ul>\n\n\n\n<ul><li>L\u2019alcaldia o a qui va adre\u00e7ada la pregunta, la respondr\u00e0 en la mateixa sessi\u00f3 del Ple.<\/li><\/ul>\n\n\n\n<hr class=\"wp-block-separator has-alpha-channel-opacity\"\/>\n\n\n\n<h3><strong>El pr\u00f3ximo lunes 16 de marzo se celebrar\u00e1 el Pleno ordinario del Ajuntament de la Bisbal del Pened\u00e8s<\/strong><\/h3>\n\n\n\n<p>El pr\u00f3ximo lunes 16 de marzo, a las 18 h, se celebrar\u00e1 el Pleno ordinario del Ajuntament de la Bisbal del Pened\u00e8s correspondiente a este trimestre.<\/p>\n\n\n\n<p>El orden del d\u00eda incluye los siguientes puntos:<\/p>\n\n\n\n<p><strong>PARTE RESOLUTIVA<\/strong><br><strong>Punto 1:<\/strong> Aprobaci\u00f3n del acta del Pleno ordinario de 15 de diciembre de 2025.<\/p>\n\n\n\n<p><strong>Punto 2:<\/strong> Aprobaci\u00f3n del acta del Pleno extraordinario de 23 de diciembre de 2025.<\/p>\n\n\n\n<p><strong>Punto 3:<\/strong> Aprobaci\u00f3n del acta del Pleno extraordinario de 9 de febrero de 2026.<\/p>\n\n\n\n<p><strong>Punto 4:<\/strong> Toma de posesi\u00f3n del cargo de concejal del Sr. Clemente Rodr\u00edguez, del grupo Comprom\u00eds amb la Bisbal.<\/p>\n\n\n\n<p><strong>Punto 5:<\/strong> Aprobaci\u00f3n de la modificaci\u00f3n del r\u00e9gimen de dedicaciones, retribuciones e indemnizaciones de los cargos electos.<\/p>\n\n\n\n<p><strong>Punto 6: <\/strong>Aprobaci\u00f3n del incremento retributivo del 2,5% para 2025, con efectos del 1 de enero de 2025, y del incremento del 1,5% para 2026, con efectos del 1 de enero de 2026, del personal municipal.<\/p>\n\n\n\n<p><strong>Punto 7:<\/strong> Aprobaci\u00f3n de la modificaci\u00f3n de la Relaci\u00f3n de Puestos de Trabajo.<\/p>\n\n\n\n<p><strong>Punto 8:<\/strong> Aprobaci\u00f3n de la modificaci\u00f3n de la plantilla del personal del ejercicio 2026.<\/p>\n\n\n\n<p><strong>Punto 9:<\/strong> Aprobaci\u00f3n del reconocimiento de las obligaciones de gastos indebidamente adquiridas (REC 2).<\/p>\n\n\n\n<p><strong>ACTIVIDAD DE CONTROL<\/strong><\/p>\n\n\n\n<p><strong>Punto 10: <\/strong>Dar cuenta de los Decretos de Alcald\u00eda.<\/p>\n\n\n\n<p><strong>Punto 11: <\/strong>Dar cuenta de las actas de la Junta de Gobierno Local.<\/p>\n\n\n\n<p><strong>Punto 12:<\/strong> Dar cuenta del informe de Intervenci\u00f3n relativo a la ejecuci\u00f3n del presupuesto correspondiente al 3er trimestre de 2025.<\/p>\n\n\n\n<p><strong>Punto 13: <\/strong>Dar cuenta del informe de Intervenci\u00f3n relativo a los derechos e ingresos del 3er trimestre de 2025.<\/p>\n\n\n\n<p><strong>Punto 14:<\/strong> Dar cuenta del informe 9\/2025 de la Sindicatura de Comptes de Catalunya.<\/p>\n\n\n\n<p><strong>Punto 15: <\/strong>Dar cuenta del Plan anual de control financiero ejercicio 2026.<\/p>\n\n\n\n<p><strong>Punto 16:<\/strong> Dar cuenta de la aprobaci\u00f3n del Plan de contrataci\u00f3n 2026\/27.<\/p>\n\n\n\n<p><strong>Punto 17:<\/strong> Moci\u00f3n de los grupos municipales Comprom\u00eds amb la Bisbal y el PSC de \u201cAyuntamientos afectados por urbanizaciones con d\u00e9ficits urban\u00edsticos y\/o no recepcionadas\u201d.<\/p>\n\n\n\n<p><strong>Punto 18:<\/strong> Moci\u00f3n del grupo municipal Tots Som La Bisbal-Urbanizaciones Unidas de \u201cElaboraci\u00f3n e implementaci\u00f3n de un plan municipal de control anual y peri\u00f3dico de la procesionaria del pino\u201d.<\/p>\n\n\n\n<p><strong>Punto 19: <\/strong>Moci\u00f3n del grupo municipal La Bisbal Decideix de \u201cMejorar las condiciones laborales del personal educativo y la calidad de la educaci\u00f3n p\u00fablica\u201d<\/p>\n\n\n\n<p><strong>Punto 20:<\/strong> Moci\u00f3n del grupo municipal La Bisbal Decideix de \u201cSalud p\u00fablica y las medidas de control de la calidad del agua\u201d<\/p>\n\n\n\n<p><strong>RUEGOS Y PREGUNTAS<\/strong><\/p>\n\n\n\n<p><strong>RUEGOS Y PREGUNTAS DE LA CIUDADAN\u00cdA<\/strong><\/p>\n\n\n\n<p>Seg\u00fan el ROM aprobado en el Pleno del Ajuntament de la Bisbal el 19 de junio de 2017, la ciudadan\u00eda puede participar en los Plenos Ordinarios. A continuaci\u00f3n os detallamos el funcionamiento de este supuesto:<\/p>\n\n\n\n<p>Todas las personas tienen derecho a intervenir en las sesiones ordinarias del Pleno en el punto del orden del d\u00eda de \u2018Ruegos y preguntas\u2019, de acuerdo con las prescripciones siguientes:<\/p>\n\n\n\n<p>\u2022 El ruego o pregunta se deber\u00e1 solicitar a la Alcald\u00eda:<\/p>\n\n\n\n<p>Por escrito y registrarlo en el Registro General como m\u00e1ximo 24 horas antes del Pleno Ordinario<\/p>\n\n\n\n<p>Por X (antes Twitter) a @BisbalPenedes como m\u00e1ximo 24h antes del Pleno Ordinario, cumpliendo el protocolo de uso de las redes sociales y empleando la etiqueta #PleBisbalPened\u00e8s, seguido del ruego o pregunta.<\/p>\n\n\n\n<p>\u2022 El asunto objeto del ruego o pregunta deber\u00e1 ser de competencia municipal sobre la acci\u00f3n de gobierno o estar directamente relacionado con los puntos incluidos en el orden del d\u00eda.<\/p>\n\n\n\n<p>\u2022 Cada ciudadano\/a puede formular un ruego y una pregunta en un mismo Pleno. La longitud m\u00e1xima de cada tuit es de 140 caracteres y no se puede continuar la pregunta en un segundo \u2018tweet\u2019.<\/p>\n\n\n\n<p>\u2022 La alcald\u00eda podr\u00e1 no responder si es un asunto sobre el cual el Ayuntamiento no tiene competencias o si ya se ha presentado la misma pregunta en otra sesi\u00f3n plenaria en los \u00faltimos 6 meses.<\/p>\n\n\n\n<p>\u2022 La alcald\u00eda comunicar\u00e1, acabado el plazo m\u00e1ximo de presentaci\u00f3n de preguntas, a qui\u00e9n van dirigidas las preguntas o peticiones solicitadas para que las pueda responder.<\/p>\n\n\n\n<p>\u2022 La Alcald\u00eda leer\u00e1 la pregunta en voz alta.<\/p>\n\n\n\n<p>\u2022 La alcald\u00eda o a quien vaya dirigida la pregunta, la responder\u00e1 en la misma sesi\u00f3n del Pleno.<\/p>\n","protected":false},"excerpt":{"rendered":"<p>El pr\u00f2xim dilluns 16 de mar\u00e7, a les 18h, se celebrar\u00e0 el Ple ordinari de l&#8217;Ajuntament de la Bisbal del Pened\u00e8s corresponent a aquest trimestre. L&#8217;ordre del dia inclou els &hellip; <a href=\"https:\/\/bisbalpenedes.com\/web\/2026\/03\/12\/convocatoria-ple-ordinari-16-marc-2026\/\" class=\"more-link\">Read More<\/a><\/p>\n","protected":false},"author":4,"featured_media":33910,"comment_status":"closed","ping_status":"closed","sticky":false,"template":"","format":"standard","meta":[],"categories":[8,2251,2250],"tags":[459,393,1374],"_links":{"self":[{"href":"https:\/\/bisbalpenedes.com\/web\/wp-json\/wp\/v2\/posts\/36720"}],"collection":[{"href":"https:\/\/bisbalpenedes.com\/web\/wp-json\/wp\/v2\/posts"}],"about":[{"href":"https:\/\/bisbalpenedes.com\/web\/wp-json\/wp\/v2\/types\/post"}],"author":[{"embeddable":true,"href":"https:\/\/bisbalpenedes.com\/web\/wp-json\/wp\/v2\/users\/4"}],"replies":[{"embeddable":true,"href":"https:\/\/bisbalpenedes.com\/web\/wp-json\/wp\/v2\/comments?post=36720"}],"version-history":[{"count":3,"href":"https:\/\/bisbalpenedes.com\/web\/wp-json\/wp\/v2\/posts\/36720\/revisions"}],"predecessor-version":[{"id":36723,"href":"https:\/\/bisbalpenedes.com\/web\/wp-json\/wp\/v2\/posts\/36720\/revisions\/36723"}],"wp:featuredmedia":[{"embeddable":true,"href":"https:\/\/bisbalpenedes.com\/web\/wp-json\/wp\/v2\/media\/33910"}],"wp:attachment":[{"href":"https:\/\/bisbalpenedes.com\/web\/wp-json\/wp\/v2\/media?parent=36720"}],"wp:term":[{"taxonomy":"category","embeddable":true,"href":"https:\/\/bisbalpenedes.com\/web\/wp-json\/wp\/v2\/categories?post=36720"},{"taxonomy":"post_tag","embeddable":true,"href":"https:\/\/bisbalpenedes.com\/web\/wp-json\/wp\/v2\/tags?post=36720"}],"curies":[{"name":"wp","href":"https:\/\/api.w.org\/{rel}","templated":true}]}}