{"id":36717,"date":"2026-03-12T09:52:45","date_gmt":"2026-03-12T07:52:45","guid":{"rendered":"https:\/\/bisbalpenedes.com\/web\/?p=36717"},"modified":"2026-03-12T09:52:46","modified_gmt":"2026-03-12T07:52:46","slug":"aquest-dimecres-la-bisbal-ha-acollit-una-sessio-itinerant-del-consell-dalcaldes-del-baix-penedes","status":"publish","type":"post","link":"https:\/\/bisbalpenedes.com\/web\/2026\/03\/12\/aquest-dimecres-la-bisbal-ha-acollit-una-sessio-itinerant-del-consell-dalcaldes-del-baix-penedes\/","title":{"rendered":"Aquest dimecres la Bisbal ha acollit una sessi\u00f3 itinerant del Consell d&#8217;Alcaldes del Baix Pened\u00e8s"},"content":{"rendered":"\n<p>Ahir, la Bisbal del Pened\u00e8s va acollir una nova reuni\u00f3 del Consell d\u2019Alcaldes de la comarca, un \u00f2rgan que celebra sessions itinerants pels diferents municipis del Baix Pened\u00e8s per acostar la gesti\u00f3 comarcal al territori.<\/p>\n\n\n\n<p>Durant la sessi\u00f3, que es va celebrar al Centre Municipal de Cultura, es van compartir q\u00fcestions d\u2019inter\u00e8s com\u00fa i es van posar sobre la taula diversos temes de treball per continuar refor\u00e7ant la cooperaci\u00f3 entre ajuntaments.<\/p>\n\n\n\n<p>Aquest espai permet als municipis coordinar-se, compartir experi\u00e8ncies i treballar conjuntament per donar resposta als reptes que afecten el conjunt de la comarca.<\/p>\n\n\n\n<hr class=\"wp-block-separator has-alpha-channel-opacity\"\/>\n\n\n\n<p>Ayer, la Bisbal del Pened\u00e8s acogi\u00f3 una nueva reuni\u00f3n del Consell d\u2019Alcaldes de la comarca, un \u00f3rgano que celebra sesiones itinerantes por los diferentes municipios del Baix Pened\u00e8s para acercar la gesti\u00f3n comarcal al territorio.<\/p>\n\n\n\n<p>Durante la sesi\u00f3n, que se celebr\u00f3 en el Centre Municipal de Cultura, se compartieron cuestiones de inter\u00e9s com\u00fan y se pusieron sobre la mesa diversos temas de trabajo para seguir reforzando la cooperaci\u00f3n entre ayuntamientos.<\/p>\n\n\n\n<p>Este espacio permite a los municipios coordinarse, compartir experiencias y trabajar conjuntamente para dar respuesta a los retos que afectan al conjunto de la comarca.<\/p>\n\n\n\n<p><sup>Fotos: Ra\u00fal Gallego<\/sup><\/p>\n","protected":false},"excerpt":{"rendered":"<p>Ahir, la Bisbal del Pened\u00e8s va acollir una nova reuni\u00f3 del Consell d\u2019Alcaldes de la comarca, un \u00f2rgan que celebra sessions itinerants pels diferents municipis del Baix Pened\u00e8s per acostar &hellip; <a href=\"https:\/\/bisbalpenedes.com\/web\/2026\/03\/12\/aquest-dimecres-la-bisbal-ha-acollit-una-sessio-itinerant-del-consell-dalcaldes-del-baix-penedes\/\" class=\"more-link\">Read More<\/a><\/p>\n","protected":false},"author":4,"featured_media":36718,"comment_status":"closed","ping_status":"closed","sticky":false,"template":"","format":"standard","meta":[],"categories":[2057,2983,3137,8],"tags":[1056,393,1374],"_links":{"self":[{"href":"https:\/\/bisbalpenedes.com\/web\/wp-json\/wp\/v2\/posts\/36717"}],"collection":[{"href":"https:\/\/bisbalpenedes.com\/web\/wp-json\/wp\/v2\/posts"}],"about":[{"href":"https:\/\/bisbalpenedes.com\/web\/wp-json\/wp\/v2\/types\/post"}],"author":[{"embeddable":true,"href":"https:\/\/bisbalpenedes.com\/web\/wp-json\/wp\/v2\/users\/4"}],"replies":[{"embeddable":true,"href":"https:\/\/bisbalpenedes.com\/web\/wp-json\/wp\/v2\/comments?post=36717"}],"version-history":[{"count":1,"href":"https:\/\/bisbalpenedes.com\/web\/wp-json\/wp\/v2\/posts\/36717\/revisions"}],"predecessor-version":[{"id":36719,"href":"https:\/\/bisbalpenedes.com\/web\/wp-json\/wp\/v2\/posts\/36717\/revisions\/36719"}],"wp:featuredmedia":[{"embeddable":true,"href":"https:\/\/bisbalpenedes.com\/web\/wp-json\/wp\/v2\/media\/36718"}],"wp:attachment":[{"href":"https:\/\/bisbalpenedes.com\/web\/wp-json\/wp\/v2\/media?parent=36717"}],"wp:term":[{"taxonomy":"category","embeddable":true,"href":"https:\/\/bisbalpenedes.com\/web\/wp-json\/wp\/v2\/categories?post=36717"},{"taxonomy":"post_tag","embeddable":true,"href":"https:\/\/bisbalpenedes.com\/web\/wp-json\/wp\/v2\/tags?post=36717"}],"curies":[{"name":"wp","href":"https:\/\/api.w.org\/{rel}","templated":true}]}}