{"id":36714,"date":"2026-03-11T19:20:43","date_gmt":"2026-03-11T17:20:43","guid":{"rendered":"https:\/\/bisbalpenedes.com\/web\/?p=36714"},"modified":"2026-03-11T19:20:44","modified_gmt":"2026-03-11T17:20:44","slug":"el-diumenge-29-de-marc-podreu-veure-la-pellicula-frontera-a-la-bisbal-en-el-marc-del-cicle-gaudi","status":"publish","type":"post","link":"https:\/\/bisbalpenedes.com\/web\/2026\/03\/11\/el-diumenge-29-de-marc-podreu-veure-la-pellicula-frontera-a-la-bisbal-en-el-marc-del-cicle-gaudi\/","title":{"rendered":"<strong>El diumenge 29 de mar\u00e7 podreu veure la pel\u00b7l\u00edcula \u2018Frontera\u2019 a la Bisbal en el marc del Cicle Gaud\u00ed<\/strong>"},"content":{"rendered":"\n<p>El diumenge 29 de mar\u00e7, a les 18h, podreu veure la pel\u00b7l\u00edcula \u201cFrontera\u201d a l\u2019auditori del CMC, en el marc del Cicle Gaud\u00ed de cinema catal\u00e0. La taquilla ser\u00e0 gestionada per l\u2019Associaci\u00f3 de la Gent Gran.<\/p>\n\n\n\n<p><strong>FITXA T\u00c8CNICA<\/strong><\/p>\n\n\n\n<ul><li>Direcci\u00f3: Judith Colell<\/li><li>Productora: Coming Soon Films, Diagonal Televisi\u00f3, Crespeth Films, Bulletproof Cupid (B\u00e8lgica)<\/li><li>Estrena: 12 de desembre de 2025<\/li><li>Durada: 101 min.<\/li><li>Gui\u00f3: Miguel Ib\u00e1\u00f1ez Monroy, Gerard Gim\u00e9nez Forner<\/li><li>G\u00e8nere: Drama, Thriller<\/li><li>Qualificaci\u00f3: No recomanada per a menors de 12 anys<\/li><li>Versi\u00f3: Catal\u00e0, castell\u00e0, alemany i franc\u00e8s<\/li><li>Int\u00e8rprets: Ainet Jounou, Anna Franziska, Asier Etxeandia, Bruna Cus\u00ed, Jael Borr\u00e1s, Jordi S\u00e1nchez, Joren Seldeslachts, Kevin Janssens, Lauren M\u00fcller, Maria Molins, Mar\u00eda Rodr\u00edguez Soto, Miki Esparb\u00e9, Pepa L\u00f3pez<\/li><\/ul>\n\n\n\n<p><strong>SINOPSI<\/strong><\/p>\n\n\n\n<p>Judith Colell torna a la pantalla gran amb Frontera, una mirada cap a les entranyes de la postguerra als Pirineus catalans. Un thriller hist\u00f2ric inspirat en les vides reals d\u2019un grup de persones que van posar en risc les seves vides per salvar-ne d\u2019altres.<\/p>\n\n\n\n<p>Som al 1943, i Franco ha bloquejat el pas als refugiats jueus que fugen del nazisme. En un poble fronterer, Manel Grau \u00e9s un funcionari de duana amb un passat republic\u00e0 que, juntament amb la seva dona Merc\u00e8 i altres habitants del poble, ajudar\u00e0 a travessar clandestinament a tants jueus com sigui possible. Entre tots, contravenint les ordres franquistes i desafiant la por, es veuen atrapats en una causa que posar\u00e0 a prova fins on estan disposats a arriscar per aquells que ho necessiten.<\/p>\n\n\n\n<p>Amb un repartiment estel\u00b7lar format per Miki Esparb\u00e9, Maria Rodr\u00edguez Soto, Bruna Cus\u00ed i Jordi S\u00e1nchez, Frontera rescata el passat per parlar del present, i ens ofereix una commovedora reflexi\u00f3 sobre el coratge individual i la responsabilitat col\u00b7lectiva, i la fr\u00e0gil l\u00ednia que separa la humanitat de la barb\u00e0rie.<\/p>\n\n\n\n<p>Frontera ha estat guardonada, entre d\u2019altres, amb el Premi a Millor Actriu Secund\u00e0ria, Millor Pel\u00b7l\u00edcula i el Premi del P\u00fablic als XVIII Premis Gaud\u00ed 2026.<\/p>\n\n\n\n<p>Com \u00e9s habitual, el preu de l\u2019entrada ser\u00e0 de 4,5\u20ac (general) i 3\u20ac per als espectadors que presentin el carnet de la Biblioteca p\u00fablica de la Bisbal del Pened\u00e8s. Els beneficis es destinaran a l\u2019entitat que gestioni la taquilla abans de la projecci\u00f3.<\/p>\n\n\n\n<figure class=\"wp-block-embed is-type-video is-provider-youtube wp-block-embed-youtube wp-embed-aspect-16-9 wp-has-aspect-ratio\"><div class=\"wp-block-embed__wrapper\">\n<iframe loading=\"lazy\" title=\"Cicle Gaud\u00ed: &quot;Frontera&quot;\" width=\"1170\" height=\"658\" src=\"https:\/\/www.youtube.com\/embed\/bPP2mWFhjp8?feature=oembed\" frameborder=\"0\" allow=\"accelerometer; autoplay; clipboard-write; encrypted-media; gyroscope; picture-in-picture; web-share\" referrerpolicy=\"strict-origin-when-cross-origin\" allowfullscreen><\/iframe>\n<\/div><\/figure>\n\n\n\n<hr class=\"wp-block-separator has-alpha-channel-opacity\"\/>\n\n\n\n<h3><strong>El domingo 29 de marzo podr\u00e9is ver la pel\u00edcula \u2018Frontera\u2019 en la Bisbal en el marco del Cicle Gaud\u00ed<\/strong><\/h3>\n\n\n\n<p>El domingo 29 de marzo, a las 18h, podr\u00e9is ver la pel\u00edcula \u201cFrontera\u201d en el auditorio del CMC, en el marco del Cicle Gaud\u00ed de cine catal\u00e1n. La taquilla ser\u00e1 gestionada por la Associaci\u00f3 de la Gent Gran.<\/p>\n\n\n\n<p><strong>FICHA T\u00c9CNICA<\/strong><\/p>\n\n\n\n<ul><li>Direcci\u00f3n: Judith Colell<\/li><li>Productora: Coming Soon Films, Diagonal Televisi\u00f3, Crespeth Films, Bulletproof Cupid (B\u00e9lgica)<\/li><li>Estreno: 12 de diciembre de 2025<\/li><li>Duraci\u00f3n: 101 min.<\/li><li>Guion: Miguel Ib\u00e1\u00f1ez Monroy, Gerard Gim\u00e9nez Forner<\/li><li>G\u00e9nero: Drama, Thriller<\/li><li>Calificaci\u00f3n: No recomendada para menores de 12 a\u00f1os<\/li><li>Versi\u00f3n: Catal\u00e1n, castellano, alem\u00e1n y franc\u00e9s<\/li><li>Int\u00e9rpretes: Ainet Jounou, Anna Franziska, Asier Etxeandia, Bruna Cus\u00ed, Jael Borr\u00e1s, Jordi S\u00e1nchez, Joren Seldeslachts, Kevin Janssens, Lauren M\u00fcller, Maria Molins, Mar\u00eda Rodr\u00edguez Soto, Miki Esparb\u00e9, Pepa L\u00f3pez<\/li><\/ul>\n\n\n\n<p><strong>SINOPSIS<\/strong><\/p>\n\n\n\n<p>Judith Colell vuelve a la gran pantalla con Frontera, una mirada a las entra\u00f1as de la posguerra en los Pirineos catalanes. Un thriller hist\u00f3rico inspirado en las vidas reales de un grupo de personas que arriesgaron sus vidas para salvar la de otros.<\/p>\n\n\n\n<p>Nos situamos en 1943, y Franco ha bloqueado el paso a los refugiados jud\u00edos que huyen del nazismo. En un pueblo fronterizo, Manel Grau es un funcionario de aduanas con un pasado republicano que, junto con su mujer Merc\u00e8 y otros vecinos del pueblo, ayudar\u00e1 a cruzar clandestinamente a tantos jud\u00edos como sea posible. Entre todos, contraviniendo las \u00f3rdenes franquistas y desafiando el miedo, se ver\u00e1n atrapados en una causa que pondr\u00e1 a prueba hasta d\u00f3nde est\u00e1n dispuestos a arriesgar por quienes lo necesitan.<\/p>\n\n\n\n<p>Con un reparto estelar formado por Miki Esparb\u00e9, Mar\u00eda Rodr\u00edguez Soto, Bruna Cus\u00ed y Jordi S\u00e1nchez, Frontera rescata el pasado para hablar del presente y nos ofrece una conmovedora reflexi\u00f3n sobre el coraje individual y la responsabilidad colectiva, as\u00ed como sobre la fr\u00e1gil l\u00ednea que separa la humanidad de la barbarie.<\/p>\n\n\n\n<p>Frontera ha sido galardonada, entre otros, con el Premio a Mejor Actriz Secundaria, Mejor Pel\u00edcula y el Premio del P\u00fablico en los XVIII Premis Gaud\u00ed 2026.<\/p>\n\n\n\n<p>Como es habitual, el precio de la entrada ser\u00e1 de 4,5\u20ac (general) y 3\u20ac para los espectadores que presenten el carn\u00e9 de la Biblioteca p\u00fablica de la Bisbal del Pened\u00e8s. Los beneficios se destinar\u00e1n a la entidad que gestione la taquilla antes de la proyecci\u00f3n.<\/p>\n","protected":false},"excerpt":{"rendered":"<p>El diumenge 29 de mar\u00e7, a les 18h, podreu veure la pel\u00b7l\u00edcula \u201cFrontera\u201d a l\u2019auditori del CMC, en el marc del Cicle Gaud\u00ed de cinema catal\u00e0. La taquilla ser\u00e0 gestionada &hellip; <a href=\"https:\/\/bisbalpenedes.com\/web\/2026\/03\/11\/el-diumenge-29-de-marc-podreu-veure-la-pellicula-frontera-a-la-bisbal-en-el-marc-del-cicle-gaudi\/\" class=\"more-link\">Read More<\/a><\/p>\n","protected":false},"author":4,"featured_media":36625,"comment_status":"closed","ping_status":"closed","sticky":false,"template":"","format":"standard","meta":[],"categories":[13,8],"tags":[459,308,7403,7404,393],"_links":{"self":[{"href":"https:\/\/bisbalpenedes.com\/web\/wp-json\/wp\/v2\/posts\/36714"}],"collection":[{"href":"https:\/\/bisbalpenedes.com\/web\/wp-json\/wp\/v2\/posts"}],"about":[{"href":"https:\/\/bisbalpenedes.com\/web\/wp-json\/wp\/v2\/types\/post"}],"author":[{"embeddable":true,"href":"https:\/\/bisbalpenedes.com\/web\/wp-json\/wp\/v2\/users\/4"}],"replies":[{"embeddable":true,"href":"https:\/\/bisbalpenedes.com\/web\/wp-json\/wp\/v2\/comments?post=36714"}],"version-history":[{"count":2,"href":"https:\/\/bisbalpenedes.com\/web\/wp-json\/wp\/v2\/posts\/36714\/revisions"}],"predecessor-version":[{"id":36716,"href":"https:\/\/bisbalpenedes.com\/web\/wp-json\/wp\/v2\/posts\/36714\/revisions\/36716"}],"wp:featuredmedia":[{"embeddable":true,"href":"https:\/\/bisbalpenedes.com\/web\/wp-json\/wp\/v2\/media\/36625"}],"wp:attachment":[{"href":"https:\/\/bisbalpenedes.com\/web\/wp-json\/wp\/v2\/media?parent=36714"}],"wp:term":[{"taxonomy":"category","embeddable":true,"href":"https:\/\/bisbalpenedes.com\/web\/wp-json\/wp\/v2\/categories?post=36714"},{"taxonomy":"post_tag","embeddable":true,"href":"https:\/\/bisbalpenedes.com\/web\/wp-json\/wp\/v2\/tags?post=36714"}],"curies":[{"name":"wp","href":"https:\/\/api.w.org\/{rel}","templated":true}]}}