{"id":36703,"date":"2026-03-11T18:25:48","date_gmt":"2026-03-11T16:25:48","guid":{"rendered":"https:\/\/bisbalpenedes.com\/web\/?p=36703"},"modified":"2026-03-17T17:47:41","modified_gmt":"2026-03-17T15:47:41","slug":"la-bisbal-del-penedes-celebrara-el-dia-mundial-de-la-poesia-21-de-marc-amb-una-lectura-des-del-balco-de-la-biblioteca","status":"publish","type":"post","link":"https:\/\/bisbalpenedes.com\/web\/2026\/03\/11\/la-bisbal-del-penedes-celebrara-el-dia-mundial-de-la-poesia-21-de-marc-amb-una-lectura-des-del-balco-de-la-biblioteca\/","title":{"rendered":"La Bisbal del Pened\u00e8s celebrar\u00e0 el Dia Mundial de la Poesia (21 de mar\u00e7) amb un recital des del balc\u00f3 de la Biblioteca"},"content":{"rendered":"\n<p>La Bisbal del Pened\u00e8s se sumar\u00e0 un any m\u00e9s a la celebraci\u00f3 del Dia Mundial de la Poesia, que t\u00e9 lloc cada 21 de mar\u00e7. Amb motiu d\u2019aquesta jornada dedicada a la paraula i a la creaci\u00f3 liter\u00e0ria, l\u2019Ajuntament ha organitzat una lectura de poemes que es far\u00e0 a les 17 h des del balc\u00f3 de la Biblioteca, ubicada al Centre Municipal de Cultura.<\/p>\n\n\n\n<p>La iniciativa vol acostar la poesia a l\u2019espai p\u00fablic i compartir-la amb tota la ciutadania. Des del balc\u00f3 es llegir\u00e0 el poema escollit per a la dinovena edici\u00f3 del Dia Mundial de la Poesia, &#8220;Foc d&#8217;ocell&#8221;, en diferents lleng\u00fces, i despr\u00e9s els participants podran recitar altres obres pr\u00f2pies o d&#8217;altres autors. Si voleu recitar un o diversos poemes, cal que us adreceu a la Biblioteca de forma presencial o per correu electr\u00f2nic: <a rel=\"noreferrer noopener\" href=\"mailto:biblioteca@bisbalpenedes.com\" target=\"_blank\">biblioteca@bisbalpenedes.com<\/a><\/p>\n\n\n\n<p>Coincidint amb el centenari del naixement de Blai Bonet, s&#8217;ha triat &#8220;Foc d&#8217;ocell&#8221; per protagonitzar aquesta jornada i s&#8217;ha tradu\u00eft a vint-i-una lleng\u00fces, entre les quals hi ha les lleng\u00fces cooficials de l&#8217;Estat, aix\u00ed com la llengua de signes catalana. Blai Bonet i Rigo (Santany\u00ed, Mallorca, 1926-1997) va ser un poeta, narrador i assagista, considerat una de les veus m\u00e9s singulars i intenses de la literatura catalana del segle XX. La seva obra, sovint qualificada de vision\u00e0ria i molt personal, combina una gran sensibilitat amb una for\u00e7a expressiva que l\u2019ha convertit en un referent de la literatura catalana contempor\u00e0nia.<\/p>\n\n\n\n<p>Des de la Biblioteca i la Regidoria de Cultura us animem a acostar-vos al Centre Municipal de Cultura i participar en aquesta celebraci\u00f3 liter\u00e0ria, que cada any us convida a gaudir de la poesia com una forma d\u2019expressi\u00f3 universal.<\/p>\n\n\n\n<p>Accediu al poema en diferents lleng\u00fces fent clic aqu\u00ed: <a rel=\"noreferrer noopener\" href=\"https:\/\/cultura.gencat.cat\/web\/.content\/ilc\/03-programes\/dia-mundial-poesia\/DMP-2026\/ILC2026DiaMundialPoesia_Fullet.pdf\" target=\"_blank\">https:\/\/cultura.gencat.cat\/web\/.content\/ilc\/03-programes\/dia-mundial-poesia\/DMP-2026\/ILC2026DiaMundialPoesia_Fullet.pdf<\/a><\/p>\n\n\n\n<hr class=\"wp-block-separator has-alpha-channel-opacity\"\/>\n\n\n\n<p>La Bisbal del Pened\u00e8s se sumar\u00e1 un a\u00f1o m\u00e1s a la celebraci\u00f3n del D\u00eda Mundial de la Poes\u00eda, que tiene lugar cada 21 de marzo. Con motivo de esta jornada dedicada a la palabra y a la creaci\u00f3n literaria, el Ayuntamiento ha organizado una lectura de poemas que se har\u00e1 a las 17 h desde el balc\u00f3n de la Biblioteca, ubicada en el Centre Municipal de Cultura.<\/p>\n\n\n\n<p>La iniciativa quiere acercar la poes\u00eda al espacio p\u00fablico y compartirla con toda la ciudadan\u00eda. Desde el balc\u00f3n se leer\u00e1 el poema escogido para la decimonovena edici\u00f3n del D\u00eda Mundial de la Poes\u00eda, \u201cFoc d\u2019ocell\u201d, en diferentes lenguas y, despu\u00e9s, los participantes podr\u00e1n recitar otras obras propias o de otros autores. Si quer\u00e9is recitar uno o varios poemas, os pod\u00e9is dirigir a la Biblioteca de forma presencial o por correo electr\u00f3nico: <a rel=\"noreferrer noopener\" href=\"mailto:biblioteca@bisbalpenedes.com\" target=\"_blank\">biblioteca@bisbalpenedes.com<\/a><\/p>\n\n\n\n<p>Coincidiendo con el centenario del nacimiento de Blai Bonet, se ha escogido \u201cFoc d\u2019ocell\u201d para protagonizar esta jornada y se ha traducido a veintiuna lenguas, entre las que se encuentran las lenguas cooficiales del Estado, as\u00ed como la lengua de signos catalana. Blai Bonet i Rigo (Santany\u00ed, Mallorca, 1926-1997) fue un poeta, narrador y ensayista, considerado una de las voces m\u00e1s singulares e intensas de la literatura catalana del siglo XX. Su obra, a menudo calificada de visionaria y muy personal, combina una gran sensibilidad con una fuerza expresiva que lo ha convertido en un referente de la literatura catalana contempor\u00e1nea.<\/p>\n\n\n\n<p>Desde la Biblioteca y la Regidoria de Cultura os animamos a acercaros al Centre Municipal de Cultura y participar en esta celebraci\u00f3n literaria, que cada a\u00f1o os invita a disfrutar de la poes\u00eda como una forma de expresi\u00f3n universal.<\/p>\n\n\n\n<p>Pod\u00e9is acceder al poema en diferentes lenguas haciendo clic aqu\u00ed:<br><a href=\"https:\/\/cultura.gencat.cat\/web\/.content\/ilc\/03-programes\/dia-mundial-poesia\/DMP-2026\/ILC2026DiaMundialPoesia_Fullet.pdf\">https:\/\/cultura.gencat.cat\/web\/.content\/ilc\/03-programes\/dia-mundial-poesia\/DMP-2026\/ILC2026DiaMundialPoesia_Fullet.pdf<\/a><\/p>\n","protected":false},"excerpt":{"rendered":"<p>La Bisbal del Pened\u00e8s se sumar\u00e0 un any m\u00e9s a la celebraci\u00f3 del Dia Mundial de la Poesia, que t\u00e9 lloc cada 21 de mar\u00e7. Amb motiu d\u2019aquesta jornada dedicada &hellip; <a href=\"https:\/\/bisbalpenedes.com\/web\/2026\/03\/11\/la-bisbal-del-penedes-celebrara-el-dia-mundial-de-la-poesia-21-de-marc-amb-una-lectura-des-del-balco-de-la-biblioteca\/\" class=\"more-link\">Read More<\/a><\/p>\n","protected":false},"author":4,"featured_media":36877,"comment_status":"closed","ping_status":"closed","sticky":false,"template":"","format":"standard","meta":[],"categories":[2478,13,8],"tags":[459,1462,393,414,1374,7402],"_links":{"self":[{"href":"https:\/\/bisbalpenedes.com\/web\/wp-json\/wp\/v2\/posts\/36703"}],"collection":[{"href":"https:\/\/bisbalpenedes.com\/web\/wp-json\/wp\/v2\/posts"}],"about":[{"href":"https:\/\/bisbalpenedes.com\/web\/wp-json\/wp\/v2\/types\/post"}],"author":[{"embeddable":true,"href":"https:\/\/bisbalpenedes.com\/web\/wp-json\/wp\/v2\/users\/4"}],"replies":[{"embeddable":true,"href":"https:\/\/bisbalpenedes.com\/web\/wp-json\/wp\/v2\/comments?post=36703"}],"version-history":[{"count":5,"href":"https:\/\/bisbalpenedes.com\/web\/wp-json\/wp\/v2\/posts\/36703\/revisions"}],"predecessor-version":[{"id":36712,"href":"https:\/\/bisbalpenedes.com\/web\/wp-json\/wp\/v2\/posts\/36703\/revisions\/36712"}],"wp:featuredmedia":[{"embeddable":true,"href":"https:\/\/bisbalpenedes.com\/web\/wp-json\/wp\/v2\/media\/36877"}],"wp:attachment":[{"href":"https:\/\/bisbalpenedes.com\/web\/wp-json\/wp\/v2\/media?parent=36703"}],"wp:term":[{"taxonomy":"category","embeddable":true,"href":"https:\/\/bisbalpenedes.com\/web\/wp-json\/wp\/v2\/categories?post=36703"},{"taxonomy":"post_tag","embeddable":true,"href":"https:\/\/bisbalpenedes.com\/web\/wp-json\/wp\/v2\/tags?post=36703"}],"curies":[{"name":"wp","href":"https:\/\/api.w.org\/{rel}","templated":true}]}}