{"id":36701,"date":"2026-03-11T18:04:33","date_gmt":"2026-03-11T16:04:33","guid":{"rendered":"https:\/\/bisbalpenedes.com\/web\/?p=36701"},"modified":"2026-03-11T18:04:34","modified_gmt":"2026-03-11T16:04:34","slug":"nova-sessio-del-club-de-lectura-tarda-de-llibres-dedicada-a-el-retrat-de-dorian-gray-prevista-per-al-dimecres-18-de-marc","status":"publish","type":"post","link":"https:\/\/bisbalpenedes.com\/web\/2026\/03\/11\/nova-sessio-del-club-de-lectura-tarda-de-llibres-dedicada-a-el-retrat-de-dorian-gray-prevista-per-al-dimecres-18-de-marc\/","title":{"rendered":"Nova sessi\u00f3 del club de lectura \u201cTarda de llibres\u201d dedicada a &#8216;El retrat de Dorian Gray&#8217; prevista per al dimecres 18 de mar\u00e7"},"content":{"rendered":"\n<p>La Biblioteca p\u00fablica de la Bisbal del Pened\u00e8s acollir\u00e0 una nova sessi\u00f3 del club de lectura \u201cTarda de llibres\u201d el pr\u00f2xim dimecres 18 de mar\u00e7 a les 19 h.<\/p>\n\n\n\n<p>La trobada, condu\u00efda per Joan de Boer, estar\u00e0 dedicada al llibre El retrat de Dorian Gray, d\u2019Oscar Wilde, una de les obres m\u00e9s conegudes de la literatura universal.<\/p>\n\n\n\n<p>Aquest club de lectura \u00e9s un espai obert a totes les persones interessades en la lectura i el debat literari, on es comparteixen impressions, reflexions i punts de vista sobre les obres proposades.<\/p>\n\n\n\n<p>Les persones que vulguin participar-hi poden inscriure\u2019s i recollir el llibre presencialment a la biblioteca o b\u00e9 escrivint al correu electr\u00f2nic&nbsp;<a>biblioteca@bisbalpenedes.com<\/a><\/p>\n\n\n\n<hr class=\"wp-block-separator has-alpha-channel-opacity\"\/>\n\n\n\n<p>La Biblioteca p\u00fablica de la Bisbal del Pened\u00e8s acoger\u00e1 una nueva sesi\u00f3n del club de lectura \u201cTarda de llibres\u201d el pr\u00f3ximo mi\u00e9rcoles 18 de marzo a las 19 h.<\/p>\n\n\n\n<p>El encuentro, conducido por Joan de Boer, estar\u00e1 dedicado al libro El retrato de Dorian Gray, de Oscar Wilde, una de las obras m\u00e1s conocidas de la literatura universal.<\/p>\n\n\n\n<p>Este club de lectura es un espacio abierto a todas las personas interesadas en la lectura y el debate literario, donde se comparten impresiones, reflexiones y puntos de vista sobre las obras propuestas.<\/p>\n\n\n\n<p>Las personas que quieran participar pueden inscribirse y recoger el libro presencialmente en la biblioteca o bien escribiendo al correo electr\u00f3nico&nbsp;<a href=\"mailto:biblioteca@bisbalpenedes.com\">biblioteca@bisbalpenedes.com<\/a>.<\/p>\n","protected":false},"excerpt":{"rendered":"<p>La Biblioteca p\u00fablica de la Bisbal del Pened\u00e8s acollir\u00e0 una nova sessi\u00f3 del club de lectura \u201cTarda de llibres\u201d el pr\u00f2xim dimecres 18 de mar\u00e7 a les 19 h. La &hellip; <a href=\"https:\/\/bisbalpenedes.com\/web\/2026\/03\/11\/nova-sessio-del-club-de-lectura-tarda-de-llibres-dedicada-a-el-retrat-de-dorian-gray-prevista-per-al-dimecres-18-de-marc\/\" class=\"more-link\">Read More<\/a><\/p>\n","protected":false},"author":4,"featured_media":36622,"comment_status":"closed","ping_status":"closed","sticky":false,"template":"","format":"standard","meta":[],"categories":[2942,2478,13,8],"tags":[412,7400,393,7188],"_links":{"self":[{"href":"https:\/\/bisbalpenedes.com\/web\/wp-json\/wp\/v2\/posts\/36701"}],"collection":[{"href":"https:\/\/bisbalpenedes.com\/web\/wp-json\/wp\/v2\/posts"}],"about":[{"href":"https:\/\/bisbalpenedes.com\/web\/wp-json\/wp\/v2\/types\/post"}],"author":[{"embeddable":true,"href":"https:\/\/bisbalpenedes.com\/web\/wp-json\/wp\/v2\/users\/4"}],"replies":[{"embeddable":true,"href":"https:\/\/bisbalpenedes.com\/web\/wp-json\/wp\/v2\/comments?post=36701"}],"version-history":[{"count":1,"href":"https:\/\/bisbalpenedes.com\/web\/wp-json\/wp\/v2\/posts\/36701\/revisions"}],"predecessor-version":[{"id":36702,"href":"https:\/\/bisbalpenedes.com\/web\/wp-json\/wp\/v2\/posts\/36701\/revisions\/36702"}],"wp:featuredmedia":[{"embeddable":true,"href":"https:\/\/bisbalpenedes.com\/web\/wp-json\/wp\/v2\/media\/36622"}],"wp:attachment":[{"href":"https:\/\/bisbalpenedes.com\/web\/wp-json\/wp\/v2\/media?parent=36701"}],"wp:term":[{"taxonomy":"category","embeddable":true,"href":"https:\/\/bisbalpenedes.com\/web\/wp-json\/wp\/v2\/categories?post=36701"},{"taxonomy":"post_tag","embeddable":true,"href":"https:\/\/bisbalpenedes.com\/web\/wp-json\/wp\/v2\/tags?post=36701"}],"curies":[{"name":"wp","href":"https:\/\/api.w.org\/{rel}","templated":true}]}}