{"id":36696,"date":"2026-03-11T17:41:08","date_gmt":"2026-03-11T15:41:08","guid":{"rendered":"https:\/\/bisbalpenedes.com\/web\/?p=36696"},"modified":"2026-03-11T17:54:03","modified_gmt":"2026-03-11T15:54:03","slug":"presentacio-manifest-urbanitzacions-no-recepcionades-catalunya","status":"publish","type":"post","link":"https:\/\/bisbalpenedes.com\/web\/2026\/03\/11\/presentacio-manifest-urbanitzacions-no-recepcionades-catalunya\/","title":{"rendered":"<strong>L\u2019alcaldessa en funcions i la regidora de Barris de la Bisbal del Pened\u00e8s participen en la presentaci\u00f3 del manifest dels Ajuntaments de Catalunya per regularitzar urbanitzacions amb d\u00e8ficits<\/strong>"},"content":{"rendered":"\n<p><strong>La iniciativa reclama a la Generalitat i al Parlament mesures estructurals i un fons de finan\u00e7ament per afrontar aquesta problem\u00e0tica que afecta centenars de municipis<\/strong><\/p>\n\n\n\n<p>Aquest dimecres l\u2019alcaldessa en funcions de la Bisbal del Pened\u00e8s, Judith Vidal, i la regidora de Barris, Paqui Cepas, han assistit al Col\u00b7legi d\u2019Arquitectes de Catalunya a la presentaci\u00f3 del Manifest dels Ajuntaments de Catalunya afectats per urbanitzacions amb d\u00e8ficits urban\u00edstics i\/o no recepcionades. La iniciativa est\u00e0 impulsada per 80 municipis, entre ells la Bisbal del Pened\u00e8s, amb el suport de l\u2019Associaci\u00f3 Catalana de Municipis (ACM) i la Federaci\u00f3 de Municipis de Catalunya (FMC).<\/p>\n\n\n\n<p>El manifest reclama al Govern de la Generalitat de Catalunya i al Parlament una resposta estructural davant una problem\u00e0tica urban\u00edstica que afecta centenars de municipis del pa\u00eds i aproximadament un 10% de la poblaci\u00f3 catalana. Entre les principals demandes hi ha la redacci\u00f3 d\u2019un Pla Director Urban\u00edstic (PDU) per abordar la situaci\u00f3 de les urbanitzacions amb d\u00e8ficits, la reforma de la Llei d\u2019Urbanisme per adaptar-la a la realitat dels municipis amb urbanitzacions deficit\u00e0ries i la creaci\u00f3 d\u2019un fons espec\u00edfic per facilitar la seva regularitzaci\u00f3 i finan\u00e7ar projectes i programes d&#8217;adequaci\u00f3.<\/p>\n\n\n\n<p>Aquestes urbanitzacions es van desenvolupar majorit\u00e0riament entre les d\u00e8cades dels seixanta i els vuitanta, sovint amb mancances en la planificaci\u00f3 i en la dotaci\u00f3 de serveis b\u00e0sics. En molts casos presenten d\u00e8ficits en infraestructures com el clavegueram, l\u2019enllumenat p\u00fablic, l\u2019aigua potable, la pavimentaci\u00f3 o l\u2019accessibilitat vi\u00e0ria. A la Bisbal del Pened\u00e8s hi ha actualment dues urbanitzacions no recepcionades: la Masieta i la Pineda de Santa Cristina. Aquesta \u00faltima t\u00e9 la particularitat que est\u00e0 repartida entre dos municipis \u2014la Bisbal del Pened\u00e8s i Rodony\u00e0\u2014 i tamb\u00e9 entre dues comarques, el Baix Pened\u00e8s i l\u2019Alt Camp, fet que en complica encara m\u00e9s la gesti\u00f3.<\/p>\n\n\n\n<p>La regidora de Barris, Paqui Cepas, ha explicat que \u201cdes de l\u2019Ajuntament fa temps que treballem en aquesta moci\u00f3 perqu\u00e8 estem molt interessats a resoldre aquesta problem\u00e0tica, ja que tenim dues urbanitzacions sense recepcionar\u201d. Cepas ha remarcat que \u201cuna d\u2019elles, a m\u00e9s, la tenim compartida amb un altre municipi i una altra comarca, cosa que encara ho fa m\u00e9s complex\u201d. En aquest sentit, la regidora ha destacat que \u201cigual que la ciutadania t\u00e9 els mateixos deures, tamb\u00e9 ha de tenir els mateixos drets, i aix\u00f2 vol dir disposar com a m\u00ednim de serveis b\u00e0sics com el clavegueram o l\u2019enllumenat\u201d. Cepas ha afegit que \u201cl&#8217;objectiu \u00e9s poder recepcionar aquestes urbanitzacions i que el cost per al ciutad\u00e0 no sigui de grans quantitats econ\u00f2miques, dif\u00edcils d&#8217;assolir per a la majoria dels residents. El que volem \u00e9s que tinguin tots els serveis m\u00ednims de clavegueram, enllumenat, asfaltat i voreres\u201d.<\/p>\n\n\n\n<p>En paral\u00b7lel a la presentaci\u00f3 del manifest, les entitats municipalistes i els municipis participants tamb\u00e9 impulsen mocions als seus plens municipals amb aquestes mateixes reivindicacions per refor\u00e7ar la reclamaci\u00f3 institucional. En el cas de la Bisbal del Pened\u00e8s, est\u00e0 previst que la moci\u00f3 s\u2019elevi al Ple ordinari del pr\u00f2xim dilluns 16 de mar\u00e7.<\/p>\n\n\n\n<p>El TN Comarques se n&#8217;ha fet ress\u00f2 avui, a partir del minut 12: <a href=\"https:\/\/www.3cat.cat\/3cat\/telenoticies-comarques-11032026\/video\/6391923\/\">https:\/\/www.3cat.cat\/3cat\/telenoticies-comarques-11032026\/video\/6391923\/<\/a><br><br><sup>*Foto: Associaci\u00f3 Catalana de Municipis<\/sup><\/p>\n\n\n\n<hr class=\"wp-block-separator has-alpha-channel-opacity\"\/>\n\n\n\n<h3><strong>La alcaldesa en funciones y la concejala de Barrios de la Bisbal del Pened\u00e8s participan en la presentaci\u00f3n del manifiesto de los Ayuntamientos de Catalu\u00f1a para regularizar urbanizaciones con d\u00e9ficits<\/strong><\/h3>\n\n\n\n<h4><strong>La iniciativa reclama a la Generalitat y al Parlament medidas estructurales y un fondo de financiaci\u00f3n para afrontar esta problem\u00e1tica que afecta a centenares de municipios<\/strong><\/h4>\n\n\n\n<p>Este mi\u00e9rcoles la alcaldesa en funciones de la Bisbal del Pened\u00e8s, Judith Vidal, y la concejala de Barrios, Paqui Cepas, han asistido al Col\u00b7legi d\u2019Arquitectes de Catalunya a la presentaci\u00f3n del Manifiesto de los Ayuntamientos de Catalu\u00f1a afectados por urbanizaciones con d\u00e9ficits urban\u00edsticos y\/o no recepcionadas. La iniciativa est\u00e1 impulsada por 80 municipios, entre ellos la Bisbal del Pened\u00e8s, con el apoyo de la Associaci\u00f3 Catalana de Municipis (ACM) y la Federaci\u00f3 de Municipis de Catalunya (FMC).<\/p>\n\n\n\n<p>El manifiesto reclama al Govern de la Generalitat de Catalunya y al Parlament una respuesta estructural ante una problem\u00e1tica urban\u00edstica que afecta a centenares de municipios del pa\u00eds y aproximadamente al 10% de la poblaci\u00f3n catalana. Entre las principales demandas se encuentran la redacci\u00f3n de un Plan Director Urban\u00edstico (PDU) para abordar la situaci\u00f3n de las urbanizaciones con d\u00e9ficits, la reforma de la Ley de Urbanismo para adaptarla a la realidad de los municipios con urbanizaciones deficitarias y la creaci\u00f3n de un fondo espec\u00edfico para facilitar su regularizaci\u00f3n y financiar proyectos y programas de adecuaci\u00f3n.<\/p>\n\n\n\n<p>Estas urbanizaciones se desarrollaron mayoritariamente entre las d\u00e9cadas de los sesenta y los ochenta, a menudo con carencias en la planificaci\u00f3n y en la dotaci\u00f3n de servicios b\u00e1sicos. En muchos casos presentan d\u00e9ficits en infraestructuras como el alcantarillado, el alumbrado p\u00fablico, las redes de agua potable, la pavimentaci\u00f3n o la accesibilidad viaria. En la Bisbal del Pened\u00e8s existen actualmente dos urbanizaciones no recepcionadas: la Masieta y la Pineda de Santa Cristina. Esta \u00faltima tiene la particularidad de que est\u00e1 repartida entre dos municipios \u2014la Bisbal del Pened\u00e8s y Rodony\u00e0\u2014 y tambi\u00e9n entre dos comarcas, el Baix Pened\u00e8s y el Alt Camp, lo que complica todav\u00eda m\u00e1s su gesti\u00f3n.<\/p>\n\n\n\n<p>La concejala de Barrios, Paqui Cepas, ha explicado que \u201cdesde el Ayuntamiento hace tiempo que trabajamos en esta moci\u00f3n porque estamos muy interesados en resolver esta problem\u00e1tica, ya que tenemos dos urbanizaciones sin recepcionar\u201d. Cepas ha se\u00f1alado que \u201cuna de ellas, adem\u00e1s, la tenemos compartida con otro municipio y otra comarca, lo que todav\u00eda lo hace m\u00e1s complejo\u201d. En este sentido, la concejala ha destacado que \u201cigual que la ciudadan\u00eda tiene los mismos deberes, tambi\u00e9n debe tener los mismos derechos, y eso significa disponer como m\u00ednimo de servicios b\u00e1sicos como el alcantarillado o el alumbrado\u201d. Cepas ha a\u00f1adido que \u201cel objetivo es poder recepcionar estas urbanizaciones y que el coste para la ciudadan\u00eda no sea de grandes cantidades econ\u00f3micas, dif\u00edciles de asumir para la mayor\u00eda de los residentes. Lo que queremos es que tengan todos los servicios m\u00ednimos de alcantarillado, alumbrado, asfaltado y aceras\u201d.<\/p>\n\n\n\n<p>En paralelo a la presentaci\u00f3n del manifiesto, las entidades municipalistas y los municipios participantes tambi\u00e9n impulsan mociones en sus plenos municipales con estas mismas reivindicaciones para reforzar la reclamaci\u00f3n institucional. En el caso de la Bisbal del Pened\u00e8s, est\u00e1 previsto que la moci\u00f3n se eleve al Pleno ordinario del pr\u00f3ximo lunes 16 de marzo.<\/p>\n\n\n\n<p>El TN Comarques se ha hecho eco hoy, a partir del minuto 12, de este tema: <a href=\"https:\/\/www.3cat.cat\/3cat\/telenoticies-comarques-11032026\/video\/6391923\/\">https:\/\/www.3cat.cat\/3cat\/telenoticies-comarques-11032026\/video\/6391923\/<\/a><\/p>\n","protected":false},"excerpt":{"rendered":"<p>La iniciativa reclama a la Generalitat i al Parlament mesures estructurals i un fons de finan\u00e7ament per afrontar aquesta problem\u00e0tica que afecta centenars de municipis Aquest dimecres l\u2019alcaldessa en funcions &hellip; <a href=\"https:\/\/bisbalpenedes.com\/web\/2026\/03\/11\/presentacio-manifest-urbanitzacions-no-recepcionades-catalunya\/\" class=\"more-link\">Read More<\/a><\/p>\n","protected":false},"author":4,"featured_media":36697,"comment_status":"closed","ping_status":"closed","sticky":false,"template":"","format":"standard","meta":[],"categories":[4287,8,15],"tags":[7397,7399,3571,393,1376,243,7398],"_links":{"self":[{"href":"https:\/\/bisbalpenedes.com\/web\/wp-json\/wp\/v2\/posts\/36696"}],"collection":[{"href":"https:\/\/bisbalpenedes.com\/web\/wp-json\/wp\/v2\/posts"}],"about":[{"href":"https:\/\/bisbalpenedes.com\/web\/wp-json\/wp\/v2\/types\/post"}],"author":[{"embeddable":true,"href":"https:\/\/bisbalpenedes.com\/web\/wp-json\/wp\/v2\/users\/4"}],"replies":[{"embeddable":true,"href":"https:\/\/bisbalpenedes.com\/web\/wp-json\/wp\/v2\/comments?post=36696"}],"version-history":[{"count":2,"href":"https:\/\/bisbalpenedes.com\/web\/wp-json\/wp\/v2\/posts\/36696\/revisions"}],"predecessor-version":[{"id":36699,"href":"https:\/\/bisbalpenedes.com\/web\/wp-json\/wp\/v2\/posts\/36696\/revisions\/36699"}],"wp:featuredmedia":[{"embeddable":true,"href":"https:\/\/bisbalpenedes.com\/web\/wp-json\/wp\/v2\/media\/36697"}],"wp:attachment":[{"href":"https:\/\/bisbalpenedes.com\/web\/wp-json\/wp\/v2\/media?parent=36696"}],"wp:term":[{"taxonomy":"category","embeddable":true,"href":"https:\/\/bisbalpenedes.com\/web\/wp-json\/wp\/v2\/categories?post=36696"},{"taxonomy":"post_tag","embeddable":true,"href":"https:\/\/bisbalpenedes.com\/web\/wp-json\/wp\/v2\/tags?post=36696"}],"curies":[{"name":"wp","href":"https:\/\/api.w.org\/{rel}","templated":true}]}}