{"id":36691,"date":"2026-03-11T15:50:21","date_gmt":"2026-03-11T13:50:21","guid":{"rendered":"https:\/\/bisbalpenedes.com\/web\/?p=36691"},"modified":"2026-03-11T15:51:41","modified_gmt":"2026-03-11T13:51:41","slug":"el-cercle-poetic-bisbalenc-celebra-una-nova-trobada-el-27-de-marc-a-la-biblioteca","status":"publish","type":"post","link":"https:\/\/bisbalpenedes.com\/web\/2026\/03\/11\/el-cercle-poetic-bisbalenc-celebra-una-nova-trobada-el-27-de-marc-a-la-biblioteca\/","title":{"rendered":"El Cercle Po\u00e8tic Bisbalenc far\u00e0 una nova trobada el divendres 27 de mar\u00e7 a la biblioteca"},"content":{"rendered":"\n<p>El Cercle Po\u00e8tic Bisbalenc far\u00e0 una nova trobada el pr\u00f2xim divendres 27 de mar\u00e7 a partir de les 18:45 h a la Biblioteca p\u00fablica de la Bisbal del Pened\u00e8s.<\/p>\n\n\n\n<p>La trobada est\u00e0 oberta a totes les persones que vulguin compartir poesia, prosa o qualsevol altra forma d\u2019expressi\u00f3 art\u00edstica en un ambient participatiu i proper.<\/p>\n\n\n\n<p>El Cercle Po\u00e8tic Bisbalenc va n\u00e9ixer el 23 d\u2019abril de 2021 amb l\u2019objectiu de crear un espai de trobada per a persones amants de la literatura, especialment de la poesia, i fomentar la creaci\u00f3 i la lectura de textos a la Bisbal del Pened\u00e8s.<\/p>\n\n\n\n<hr class=\"wp-block-separator has-alpha-channel-opacity\"\/>\n\n\n\n<p>El Cercle Po\u00e8tic Bisbalenc haur\u00e1 una nueva reuni\u00f3n el pr\u00f3ximo viernes 27 de marzo a partir de las 18:45 h en la Biblioteca p\u00fablica de la Bisbal del Pened\u00e8s.<\/p>\n\n\n\n<p>Este encuentro est\u00e1 abierto a todas las personas que quieran compartir poes\u00eda, prosa u otras formas de expresi\u00f3n art\u00edstica en un ambiente cercano y participativo.<\/p>\n\n\n\n<p>El Cercle Po\u00e8tic Bisbalenc naci\u00f3 el 23 de abril de 2021 con el objetivo de crear un espacio de encuentro para las personas amantes de la literatura, especialmente de la poes\u00eda, y fomentar la creaci\u00f3n y lectura de textos en la Bisbal del Pened\u00e8s.<\/p>\n","protected":false},"excerpt":{"rendered":"<p>El Cercle Po\u00e8tic Bisbalenc far\u00e0 una nova trobada el pr\u00f2xim divendres 27 de mar\u00e7 a partir de les 18:45 h a la Biblioteca p\u00fablica de la Bisbal del Pened\u00e8s. La &hellip; <a href=\"https:\/\/bisbalpenedes.com\/web\/2026\/03\/11\/el-cercle-poetic-bisbalenc-celebra-una-nova-trobada-el-27-de-marc-a-la-biblioteca\/\" class=\"more-link\">Read More<\/a><\/p>\n","protected":false},"author":4,"featured_media":36623,"comment_status":"closed","ping_status":"closed","sticky":false,"template":"","format":"standard","meta":[],"categories":[2478,20,8],"tags":[459,4462,225,393],"_links":{"self":[{"href":"https:\/\/bisbalpenedes.com\/web\/wp-json\/wp\/v2\/posts\/36691"}],"collection":[{"href":"https:\/\/bisbalpenedes.com\/web\/wp-json\/wp\/v2\/posts"}],"about":[{"href":"https:\/\/bisbalpenedes.com\/web\/wp-json\/wp\/v2\/types\/post"}],"author":[{"embeddable":true,"href":"https:\/\/bisbalpenedes.com\/web\/wp-json\/wp\/v2\/users\/4"}],"replies":[{"embeddable":true,"href":"https:\/\/bisbalpenedes.com\/web\/wp-json\/wp\/v2\/comments?post=36691"}],"version-history":[{"count":3,"href":"https:\/\/bisbalpenedes.com\/web\/wp-json\/wp\/v2\/posts\/36691\/revisions"}],"predecessor-version":[{"id":36694,"href":"https:\/\/bisbalpenedes.com\/web\/wp-json\/wp\/v2\/posts\/36691\/revisions\/36694"}],"wp:featuredmedia":[{"embeddable":true,"href":"https:\/\/bisbalpenedes.com\/web\/wp-json\/wp\/v2\/media\/36623"}],"wp:attachment":[{"href":"https:\/\/bisbalpenedes.com\/web\/wp-json\/wp\/v2\/media?parent=36691"}],"wp:term":[{"taxonomy":"category","embeddable":true,"href":"https:\/\/bisbalpenedes.com\/web\/wp-json\/wp\/v2\/categories?post=36691"},{"taxonomy":"post_tag","embeddable":true,"href":"https:\/\/bisbalpenedes.com\/web\/wp-json\/wp\/v2\/tags?post=36691"}],"curies":[{"name":"wp","href":"https:\/\/api.w.org\/{rel}","templated":true}]}}