{"id":36688,"date":"2026-03-11T15:20:25","date_gmt":"2026-03-11T13:20:25","guid":{"rendered":"https:\/\/bisbalpenedes.com\/web\/?p=36688"},"modified":"2026-03-11T15:20:25","modified_gmt":"2026-03-11T13:20:25","slug":"families-el-dimecres-25-de-marc-podreu-gaudir-del-taller-infantil-de-primavera-a-la-biblioteca","status":"publish","type":"post","link":"https:\/\/bisbalpenedes.com\/web\/2026\/03\/11\/families-el-dimecres-25-de-marc-podreu-gaudir-del-taller-infantil-de-primavera-a-la-biblioteca\/","title":{"rendered":"Fam\u00edlies! El dimecres 25 de mar\u00e7 podreu gaudir del taller infantil de primavera a la Biblioteca"},"content":{"rendered":"\n<p>La Biblioteca P\u00fablica de la Bisbal del Pened\u00e8s acollir\u00e0 el pr\u00f2xim dimecres 25 de mar\u00e7 un taller infantil dedicat a la primavera. L\u2019activitat comen\u00e7ar\u00e0 a les 17 h i est\u00e0 pensada perqu\u00e8 els infants puguin gaudir d\u2019una tarda creativa vinculada a la natura.<\/p>\n\n\n\n<p>Durant el taller, els participants construiran el seu propi hotel d\u2019insectes, una petita estructura pensada per oferir refugi a insectes beneficiosos per al medi natural. Aquesta proposta combina manualitats i educaci\u00f3 ambiental, tot fomentant la curiositat i el respecte pels petits \u00e9ssers vius que formen part dels ecosistemes.<\/p>\n\n\n\n<p>L\u2019activitat tindr\u00e0 lloc a la Biblioteca P\u00fablica de la Bisbal del Pened\u00e8s i forma part de les propostes culturals i educatives que s\u2019hi organitzen al llarg de l\u2019any per a infants i fam\u00edlies.<\/p>\n\n\n\n<hr class=\"wp-block-separator has-alpha-channel-opacity\"\/>\n\n\n\n<p>La Biblioteca P\u00fablica de la Bisbal del Pened\u00e8s acoger\u00e1 el mi\u00e9rcoles 25 de marzo un taller infantil de primavera dirigido a familias con ni\u00f1os y ni\u00f1as. La actividad comenzar\u00e1 a las 17 h y propondr\u00e1 una tarde creativa vinculada a la naturaleza.<\/p>\n\n\n\n<p>Durante el taller, los participantes crear\u00e1n su propio hotel de insectos, una peque\u00f1a estructura pensada para ofrecer refugio a insectos beneficiosos para el entorno natural. La propuesta combina manualidades y educaci\u00f3n ambiental, fomentando el conocimiento y el respeto por los peque\u00f1os seres vivos que forman parte de los ecosistemas.<\/p>\n\n\n\n<p>El taller tendr\u00e1 lugar en la Biblioteca P\u00fablica de la Bisbal del Pened\u00e8s y forma parte de las actividades culturales y educativas que se organizan a lo largo del a\u00f1o para p\u00fablico infantil y familiar.<\/p>\n","protected":false},"excerpt":{"rendered":"<p>La Biblioteca P\u00fablica de la Bisbal del Pened\u00e8s acollir\u00e0 el pr\u00f2xim dimecres 25 de mar\u00e7 un taller infantil dedicat a la primavera. L\u2019activitat comen\u00e7ar\u00e0 a les 17 h i est\u00e0 &hellip; <a href=\"https:\/\/bisbalpenedes.com\/web\/2026\/03\/11\/families-el-dimecres-25-de-marc-podreu-gaudir-del-taller-infantil-de-primavera-a-la-biblioteca\/\" class=\"more-link\">Read More<\/a><\/p>\n","protected":false},"author":4,"featured_media":36624,"comment_status":"closed","ping_status":"closed","sticky":false,"template":"","format":"standard","meta":[],"categories":[2942,2478,13,8],"tags":[459,393,1374,7396],"_links":{"self":[{"href":"https:\/\/bisbalpenedes.com\/web\/wp-json\/wp\/v2\/posts\/36688"}],"collection":[{"href":"https:\/\/bisbalpenedes.com\/web\/wp-json\/wp\/v2\/posts"}],"about":[{"href":"https:\/\/bisbalpenedes.com\/web\/wp-json\/wp\/v2\/types\/post"}],"author":[{"embeddable":true,"href":"https:\/\/bisbalpenedes.com\/web\/wp-json\/wp\/v2\/users\/4"}],"replies":[{"embeddable":true,"href":"https:\/\/bisbalpenedes.com\/web\/wp-json\/wp\/v2\/comments?post=36688"}],"version-history":[{"count":1,"href":"https:\/\/bisbalpenedes.com\/web\/wp-json\/wp\/v2\/posts\/36688\/revisions"}],"predecessor-version":[{"id":36689,"href":"https:\/\/bisbalpenedes.com\/web\/wp-json\/wp\/v2\/posts\/36688\/revisions\/36689"}],"wp:featuredmedia":[{"embeddable":true,"href":"https:\/\/bisbalpenedes.com\/web\/wp-json\/wp\/v2\/media\/36624"}],"wp:attachment":[{"href":"https:\/\/bisbalpenedes.com\/web\/wp-json\/wp\/v2\/media?parent=36688"}],"wp:term":[{"taxonomy":"category","embeddable":true,"href":"https:\/\/bisbalpenedes.com\/web\/wp-json\/wp\/v2\/categories?post=36688"},{"taxonomy":"post_tag","embeddable":true,"href":"https:\/\/bisbalpenedes.com\/web\/wp-json\/wp\/v2\/tags?post=36688"}],"curies":[{"name":"wp","href":"https:\/\/api.w.org\/{rel}","templated":true}]}}