{"id":36684,"date":"2026-03-11T15:00:34","date_gmt":"2026-03-11T13:00:34","guid":{"rendered":"https:\/\/bisbalpenedes.com\/web\/?p=36684"},"modified":"2026-03-12T20:27:15","modified_gmt":"2026-03-12T18:27:15","slug":"cinexic-marc-yuku-i-la-flor-de-lhimalaia","status":"publish","type":"post","link":"https:\/\/bisbalpenedes.com\/web\/2026\/03\/11\/cinexic-marc-yuku-i-la-flor-de-lhimalaia\/","title":{"rendered":"El pr\u00f2xim diumenge 29 de mar\u00e7 la Societat acollir\u00e0 la projecci\u00f3 de la pel\u00b7l\u00edcula familiar \u201cYuku i la flor de l\u2019Him\u00e0laia\u201d"},"content":{"rendered":"\n<p>El pr\u00f2xim diumenge 29 de mar\u00e7 de 2026, a les 18 h, La Societat de la Bisbal del Pened\u00e8s acollir\u00e0 una nova sessi\u00f3 del CineXic, el programa de cinema infantil en catal\u00e0 impulsat per \u00d2mnium Cultural.<\/p>\n\n\n\n<p>En aquesta ocasi\u00f3 es projectar\u00e0 la pel\u00b7l\u00edcula Yuku i la flor de l\u2019Him\u00e0laia, una hist\u00f2ria plena d\u2019aventures i m\u00fasica que convida els m\u00e9s petits a descobrir el valor de l\u2019amistat, el coratge i l\u2019esperit de superaci\u00f3.<\/p>\n\n\n\n<p>La sessi\u00f3 est\u00e0 recomanada a partir de 3 anys i el preu de l\u2019entrada \u00e9s de 3 euros.<\/p>\n\n\n\n<p>El&nbsp;CineXic&nbsp;\u00e9s una iniciativa que t\u00e9 com a objectiu apropar el cinema infantil en catal\u00e0 a les fam\u00edlies i fomentar l\u2019h\u00e0bit d\u2019anar al cinema des de ben petits.<\/p>\n\n\n\n<figure class=\"wp-block-embed is-type-video is-provider-youtube wp-block-embed-youtube wp-embed-aspect-16-9 wp-has-aspect-ratio\"><div class=\"wp-block-embed__wrapper\">\n<iframe loading=\"lazy\" title=\"Yuku i la flor de l\u2019Him\u00e0laia. Cinema en catal\u00e0\" width=\"1170\" height=\"658\" src=\"https:\/\/www.youtube.com\/embed\/JkswRCJgpTo?feature=oembed\" frameborder=\"0\" allow=\"accelerometer; autoplay; clipboard-write; encrypted-media; gyroscope; picture-in-picture; web-share\" referrerpolicy=\"strict-origin-when-cross-origin\" allowfullscreen><\/iframe>\n<\/div><\/figure>\n\n\n\n<h3><strong>El pr\u00f3ximo domingo 29 de marzo la Societat acoger\u00e1 la proyecci\u00f3n de la pel\u00edcula familiar \u201cYuku y la flor del Himalaya\u201d<\/strong><\/h3>\n\n\n\n<p>El pr\u00f3ximo domingo 29 de marzo de 2026, a las 18 h, La Societat de la Bisbal del Pened\u00e8s acoger\u00e1 una nueva sesi\u00f3n del CineXic, el programa de cine infantil en catal\u00e1n impulsado por \u00d2mnium Cultural.<\/p>\n\n\n\n<p>En esta ocasi\u00f3n se proyectar\u00e1 la pel\u00edcula Yuku y la flor del Himalaya, una historia llena de aventuras y m\u00fasica que invita a los m\u00e1s peque\u00f1os a descubrir el valor de la amistad, el coraje y el esp\u00edritu de superaci\u00f3n.<\/p>\n\n\n\n<p>La sesi\u00f3n est\u00e1 recomendada a partir de 3 a\u00f1os y el precio de la entrada es de 3 euros.<\/p>\n\n\n\n<p>El&nbsp;CineXic&nbsp;es una iniciativa que tiene como objetivo acercar el cine infantil en catal\u00e1n a las familias y fomentar el h\u00e1bito de ir al cine desde edades tempranas.<\/p>\n","protected":false},"excerpt":{"rendered":"<p>El pr\u00f2xim diumenge 29 de mar\u00e7 de 2026, a les 18 h, La Societat de la Bisbal del Pened\u00e8s acollir\u00e0 una nova sessi\u00f3 del CineXic, el programa de cinema infantil &hellip; <a href=\"https:\/\/bisbalpenedes.com\/web\/2026\/03\/11\/cinexic-marc-yuku-i-la-flor-de-lhimalaia\/\" class=\"more-link\">Read More<\/a><\/p>\n","protected":false},"author":4,"featured_media":36732,"comment_status":"closed","ping_status":"closed","sticky":false,"template":"","format":"standard","meta":[],"categories":[2942,13,20,8],"tags":[5574,5573,5527,393,300,4772,7395],"_links":{"self":[{"href":"https:\/\/bisbalpenedes.com\/web\/wp-json\/wp\/v2\/posts\/36684"}],"collection":[{"href":"https:\/\/bisbalpenedes.com\/web\/wp-json\/wp\/v2\/posts"}],"about":[{"href":"https:\/\/bisbalpenedes.com\/web\/wp-json\/wp\/v2\/types\/post"}],"author":[{"embeddable":true,"href":"https:\/\/bisbalpenedes.com\/web\/wp-json\/wp\/v2\/users\/4"}],"replies":[{"embeddable":true,"href":"https:\/\/bisbalpenedes.com\/web\/wp-json\/wp\/v2\/comments?post=36684"}],"version-history":[{"count":4,"href":"https:\/\/bisbalpenedes.com\/web\/wp-json\/wp\/v2\/posts\/36684\/revisions"}],"predecessor-version":[{"id":36734,"href":"https:\/\/bisbalpenedes.com\/web\/wp-json\/wp\/v2\/posts\/36684\/revisions\/36734"}],"wp:featuredmedia":[{"embeddable":true,"href":"https:\/\/bisbalpenedes.com\/web\/wp-json\/wp\/v2\/media\/36732"}],"wp:attachment":[{"href":"https:\/\/bisbalpenedes.com\/web\/wp-json\/wp\/v2\/media?parent=36684"}],"wp:term":[{"taxonomy":"category","embeddable":true,"href":"https:\/\/bisbalpenedes.com\/web\/wp-json\/wp\/v2\/categories?post=36684"},{"taxonomy":"post_tag","embeddable":true,"href":"https:\/\/bisbalpenedes.com\/web\/wp-json\/wp\/v2\/tags?post=36684"}],"curies":[{"name":"wp","href":"https:\/\/api.w.org\/{rel}","templated":true}]}}