{"id":36679,"date":"2026-03-11T13:39:27","date_gmt":"2026-03-11T11:39:27","guid":{"rendered":"https:\/\/bisbalpenedes.com\/web\/?p=36679"},"modified":"2026-03-11T13:41:31","modified_gmt":"2026-03-11T11:41:31","slug":"saprova-el-conveni-de-serveis-socials-amb-el-consell-comarcal-del-baix-penedes-per-al-2026","status":"publish","type":"post","link":"https:\/\/bisbalpenedes.com\/web\/2026\/03\/11\/saprova-el-conveni-de-serveis-socials-amb-el-consell-comarcal-del-baix-penedes-per-al-2026\/","title":{"rendered":"S\u2019aprova el conveni de serveis socials amb el Consell Comarcal del Baix Pened\u00e8s per al 2026"},"content":{"rendered":"\n<p>La Junta de Govern Local de l\u2019Ajuntament de la Bisbal del Pened\u00e8s, celebrada el dilluns 9 de mar\u00e7, ha aprovat el conveni de cooperaci\u00f3 interadministrativa amb el Consell Comarcal del Baix Pened\u00e8s per a l\u2019any 2026. Aquest conveni s\u2019estableix entre el Consell Comarcal i diversos ajuntaments de la comarca per al desenvolupament i la prestaci\u00f3 de serveis socials.<\/p>\n\n\n\n<p>El conveni per al 2026 compta amb un pressupost total de 87.836,14 \u20ac i permet mantenir i refor\u00e7ar diferents serveis socials orientats a millorar el benestar de la ciutadania i a donar resposta a situacions de necessitat o vulnerabilitat.<\/p>\n\n\n\n<p>L\u2019acord inclou diversos serveis i programes amb les seves corresponents aportacions econ\u00f2miques:<\/p>\n\n\n\n<ul><li>Professionals i serveis socials b\u00e0sics: 48.924,75 \u20ac<\/li><li>SAD (Servei d\u2019Atenci\u00f3 a la Dona): 8.000 \u20ac<\/li><li>Integradors socials: 8.000 \u20ac<\/li><li>Voluntariat (Servei Bon Dia i Rebost Solidari): 45 \u20ac<\/li><li>Servei d\u2019acolliment residencial d\u2019urg\u00e8ncia: 1.013,69 \u20ac<\/li><li>Transport adaptat: 3.947,80 \u20ac<\/li><li>Serveis d\u2019Intervenci\u00f3 Socioeducativa (SIS): 2.334,17 \u20ac<\/li><li>Educadors de medi obert: 4.668,34 \u20ac<\/li><li>Servei Integral d\u2019Atenci\u00f3 a la Dona (SIAD), que inclou coordinadora, psic\u00f2loga, advocada i atenci\u00f3 LGTBI: 2.471,47 \u20ac<\/li><li>Centre obert durant el curs escolar: 2.800 \u20ac<\/li><li>Pacte d\u2019Estat contra la viol\u00e8ncia de g\u00e8nere: 3.272,90 \u20ac<\/li><li>Envelliment i conductes de risc: 823,82 \u20ac<\/li><li>Sensellarisme: 637,89 \u20ac<\/li><li>Banc de productes de suport: 273,32 \u20ac<\/li><li>Accessibilitat: 587,11 \u20ac<\/li><li>Curs de cuidadors: 35,88 \u20ac<\/li><\/ul>\n\n\n\n<p>Aquest conjunt de serveis permet oferir una atenci\u00f3 integral que abasta des dels serveis socials b\u00e0sics fins a programes especialitzats adre\u00e7ats a col\u00b7lectius espec\u00edfics, aix\u00ed com iniciatives de prevenci\u00f3 i suport davant situacions de vulnerabilitat social.<\/p>\n\n\n\n<hr class=\"wp-block-separator has-alpha-channel-opacity\"\/>\n\n\n\n<h3><strong>Se aprueba el convenio de servicios sociales con el Consell Comarcal del Baix Pened\u00e8s para 2026<\/strong><\/h3>\n\n\n\n<p>La Junta de Gobierno Local del Ajuntament de la Bisbal del Pened\u00e8s, celebrada el lunes 9 de marzo, ha aprobado el convenio de cooperaci\u00f3n interadministrativa con el Consell Comarcal del Baix Pened\u00e8s para el a\u00f1o 2026. Este convenio se establece entre el Consell Comarcal y diversos ayuntamientos de la comarca para el desarrollo y la prestaci\u00f3n de servicios sociales.<\/p>\n\n\n\n<p>El convenio para 2026 cuenta con un presupuesto total de 87.836,14 \u20ac y permite mantener y reforzar diferentes servicios sociales orientados a mejorar el bienestar de la ciudadan\u00eda y a dar respuesta a situaciones de necesidad o vulnerabilidad.<\/p>\n\n\n\n<p>El acuerdo incluye diversos servicios y programas con sus correspondientes aportaciones econ\u00f3micas:<\/p>\n\n\n\n<ul><li>Profesionales y servicios sociales b\u00e1sicos: 48.924,75 \u20ac<\/li><li>SAD (Servicio de Atenci\u00f3n a la Mujer): 8.000 \u20ac<\/li><li>Integradores sociales: 8.000 \u20ac<\/li><li>Voluntariado (Servicio Bon Dia y Rebost Solidari): 45 \u20ac<\/li><li>Servicio de acogida residencial de urgencia: 1.013,69 \u20ac<\/li><li>Transporte adaptado: 3.947,80 \u20ac<\/li><li>Servicios de Intervenci\u00f3n Socioeducativa (SIS): 2.334,17 \u20ac<\/li><li>Educadores de medio abierto: 4.668,34 \u20ac<\/li><li>Servicio Integral de Atenci\u00f3n a la Mujer (SIAD), que incluye coordinadora, psic\u00f3loga, abogada y atenci\u00f3n LGTBI: 2.471,47 \u20ac<\/li><li>Centro abierto durante el curso escolar: 2.800 \u20ac<\/li><li>Pacto de Estado contra la violencia de g\u00e9nero: 3.272,90 \u20ac<\/li><li>Envejecimiento y conductas de riesgo: 823,82 \u20ac<\/li><li>Sinhogarismo: 637,89 \u20ac<\/li><li>Banco de productos de apoyo: 273,32 \u20ac<\/li><li>Accesibilidad: 587,11 \u20ac<\/li><li>Curso de cuidadores: 35,88 \u20ac<\/li><\/ul>\n\n\n\n<p>Este conjunto de servicios permite ofrecer una atenci\u00f3n integral que abarca desde los servicios sociales b\u00e1sicos hasta programas especializados dirigidos a colectivos espec\u00edficos, as\u00ed como iniciativas de prevenci\u00f3n y apoyo ante situaciones de vulnerabilidad social.<\/p>\n","protected":false},"excerpt":{"rendered":"<p>La Junta de Govern Local de l\u2019Ajuntament de la Bisbal del Pened\u00e8s, celebrada el dilluns 9 de mar\u00e7, ha aprovat el conveni de cooperaci\u00f3 interadministrativa amb el Consell Comarcal del &hellip; <a href=\"https:\/\/bisbalpenedes.com\/web\/2026\/03\/11\/saprova-el-conveni-de-serveis-socials-amb-el-consell-comarcal-del-baix-penedes-per-al-2026\/\" class=\"more-link\">Read More<\/a><\/p>\n","protected":false},"author":4,"featured_media":36682,"comment_status":"closed","ping_status":"closed","sticky":false,"template":"","format":"standard","meta":[],"categories":[3137,8,17],"tags":[459,1056,440,393,1374,268],"_links":{"self":[{"href":"https:\/\/bisbalpenedes.com\/web\/wp-json\/wp\/v2\/posts\/36679"}],"collection":[{"href":"https:\/\/bisbalpenedes.com\/web\/wp-json\/wp\/v2\/posts"}],"about":[{"href":"https:\/\/bisbalpenedes.com\/web\/wp-json\/wp\/v2\/types\/post"}],"author":[{"embeddable":true,"href":"https:\/\/bisbalpenedes.com\/web\/wp-json\/wp\/v2\/users\/4"}],"replies":[{"embeddable":true,"href":"https:\/\/bisbalpenedes.com\/web\/wp-json\/wp\/v2\/comments?post=36679"}],"version-history":[{"count":1,"href":"https:\/\/bisbalpenedes.com\/web\/wp-json\/wp\/v2\/posts\/36679\/revisions"}],"predecessor-version":[{"id":36681,"href":"https:\/\/bisbalpenedes.com\/web\/wp-json\/wp\/v2\/posts\/36679\/revisions\/36681"}],"wp:featuredmedia":[{"embeddable":true,"href":"https:\/\/bisbalpenedes.com\/web\/wp-json\/wp\/v2\/media\/36682"}],"wp:attachment":[{"href":"https:\/\/bisbalpenedes.com\/web\/wp-json\/wp\/v2\/media?parent=36679"}],"wp:term":[{"taxonomy":"category","embeddable":true,"href":"https:\/\/bisbalpenedes.com\/web\/wp-json\/wp\/v2\/categories?post=36679"},{"taxonomy":"post_tag","embeddable":true,"href":"https:\/\/bisbalpenedes.com\/web\/wp-json\/wp\/v2\/tags?post=36679"}],"curies":[{"name":"wp","href":"https:\/\/api.w.org\/{rel}","templated":true}]}}