{"id":36674,"date":"2026-03-11T13:04:15","date_gmt":"2026-03-11T11:04:15","guid":{"rendered":"https:\/\/bisbalpenedes.com\/web\/?p=36674"},"modified":"2026-03-11T13:09:55","modified_gmt":"2026-03-11T11:09:55","slug":"avis-de-tall-de-transit-al-carrer-sant-joan-el-dijous-12-de-marc-de-8-a-15h","status":"publish","type":"post","link":"https:\/\/bisbalpenedes.com\/web\/2026\/03\/11\/avis-de-tall-de-transit-al-carrer-sant-joan-el-dijous-12-de-marc-de-8-a-15h\/","title":{"rendered":"Av\u00eds de tall de tr\u00e0nsit al carrer Sant Joan el dijous 12 de mar\u00e7 de 8 a 15h"},"content":{"rendered":"\n<p>Aqualia ha informat que, per l\u2019execuci\u00f3 d\u2019una obra de connexi\u00f3 a la xarxa de sanejament, dem\u00e0 dijous 12 de mar\u00e7 s&#8217;haur\u00e0 de tallar el tr\u00e0nsit al carrer Sant Joan del Barri de la Riba entre les 8 i les 15h. Trobareu el tram afectat marcat en la imatge inferior. Gr\u00e0cies per la vostra comprensi\u00f3.<\/p>\n\n\n\n<hr class=\"wp-block-separator has-alpha-channel-opacity\"\/>\n\n\n\n<p>Aqualia ha informado que, por la ejecuci\u00f3n de una obra de conexi\u00f3n a la red de saneamiento, ma\u00f1ana jueves 12 de marzo se tendr\u00e1 que cortar el tr\u00e1fico en la calle San Juan del Barrio de la Riba entre las 8 y las 15h. Encontrar\u00e9is el tramo afectado marcado en la imagen inferior. Gracias por vuestra comprensi\u00f3n.<\/p>\n\n\n\n<figure class=\"wp-block-image size-large\"><img loading=\"lazy\" width=\"819\" height=\"1024\" src=\"https:\/\/bisbalpenedes.com\/web\/wp-content\/uploads\/2026\/03\/TALL-CARRER-12-MARC\u0327-819x1024.jpg\" alt=\"\" class=\"wp-image-36675\" srcset=\"https:\/\/bisbalpenedes.com\/web\/wp-content\/uploads\/2026\/03\/TALL-CARRER-12-MARC\u0327-819x1024.jpg 819w, https:\/\/bisbalpenedes.com\/web\/wp-content\/uploads\/2026\/03\/TALL-CARRER-12-MARC\u0327-240x300.jpg 240w, https:\/\/bisbalpenedes.com\/web\/wp-content\/uploads\/2026\/03\/TALL-CARRER-12-MARC\u0327-768x960.jpg 768w, https:\/\/bisbalpenedes.com\/web\/wp-content\/uploads\/2026\/03\/TALL-CARRER-12-MARC\u0327-600x750.jpg 600w, https:\/\/bisbalpenedes.com\/web\/wp-content\/uploads\/2026\/03\/TALL-CARRER-12-MARC\u0327.jpg 1080w\" sizes=\"(max-width: 819px) 100vw, 819px\" \/><\/figure>\n","protected":false},"excerpt":{"rendered":"<p>Aqualia ha informat que, per l\u2019execuci\u00f3 d\u2019una obra de connexi\u00f3 a la xarxa de sanejament, dem\u00e0 dijous 12 de mar\u00e7 s&#8217;haur\u00e0 de tallar el tr\u00e0nsit al carrer Sant Joan del &hellip; <a href=\"https:\/\/bisbalpenedes.com\/web\/2026\/03\/11\/avis-de-tall-de-transit-al-carrer-sant-joan-el-dijous-12-de-marc-de-8-a-15h\/\" class=\"more-link\">Read More<\/a><\/p>\n","protected":false},"author":4,"featured_media":36677,"comment_status":"closed","ping_status":"closed","sticky":false,"template":"","format":"standard","meta":[],"categories":[1628,8],"tags":[649,393,1374],"_links":{"self":[{"href":"https:\/\/bisbalpenedes.com\/web\/wp-json\/wp\/v2\/posts\/36674"}],"collection":[{"href":"https:\/\/bisbalpenedes.com\/web\/wp-json\/wp\/v2\/posts"}],"about":[{"href":"https:\/\/bisbalpenedes.com\/web\/wp-json\/wp\/v2\/types\/post"}],"author":[{"embeddable":true,"href":"https:\/\/bisbalpenedes.com\/web\/wp-json\/wp\/v2\/users\/4"}],"replies":[{"embeddable":true,"href":"https:\/\/bisbalpenedes.com\/web\/wp-json\/wp\/v2\/comments?post=36674"}],"version-history":[{"count":2,"href":"https:\/\/bisbalpenedes.com\/web\/wp-json\/wp\/v2\/posts\/36674\/revisions"}],"predecessor-version":[{"id":36678,"href":"https:\/\/bisbalpenedes.com\/web\/wp-json\/wp\/v2\/posts\/36674\/revisions\/36678"}],"wp:featuredmedia":[{"embeddable":true,"href":"https:\/\/bisbalpenedes.com\/web\/wp-json\/wp\/v2\/media\/36677"}],"wp:attachment":[{"href":"https:\/\/bisbalpenedes.com\/web\/wp-json\/wp\/v2\/media?parent=36674"}],"wp:term":[{"taxonomy":"category","embeddable":true,"href":"https:\/\/bisbalpenedes.com\/web\/wp-json\/wp\/v2\/categories?post=36674"},{"taxonomy":"post_tag","embeddable":true,"href":"https:\/\/bisbalpenedes.com\/web\/wp-json\/wp\/v2\/tags?post=36674"}],"curies":[{"name":"wp","href":"https:\/\/api.w.org\/{rel}","templated":true}]}}