{"id":36616,"date":"2026-03-09T15:12:04","date_gmt":"2026-03-09T13:12:04","guid":{"rendered":"https:\/\/bisbalpenedes.com\/web\/?p=36616"},"modified":"2026-03-09T15:12:05","modified_gmt":"2026-03-09T13:12:05","slug":"la-bisbal-del-penedes-celebrara-els-tres-tombs-el-22-de-marc","status":"publish","type":"post","link":"https:\/\/bisbalpenedes.com\/web\/2026\/03\/09\/la-bisbal-del-penedes-celebrara-els-tres-tombs-el-22-de-marc\/","title":{"rendered":"La Bisbal del Pened\u00e8s celebrar\u00e0 Els Tres Tombs el 22 de mar\u00e7"},"content":{"rendered":"\n<p>La Bisbal del Pened\u00e8s acollir\u00e0 el diumenge 22 de mar\u00e7 una nova edici\u00f3 dels Tres Tombs. La jornada comen\u00e7ar\u00e0 a les 8.30 h amb un esmorzar popular a l\u2019Era de Batre, per 8 euros, a c\u00e0rrec del Ball de Diables. Durant el mat\u00ed tamb\u00e9 hi haur\u00e0 venda de tortells per part de l\u2019Associaci\u00f3 de Dones La Roca Foradada.<\/p>\n\n\n\n<p>A les 11.30 h tindr\u00e0 lloc la sortida dels Tres Tombs des de l\u2019Era de Batre. El recorregut passar\u00e0 pels carrers del municipi i inclour\u00e0 la tradicional benedicci\u00f3 dels animals davant de l\u2019esgl\u00e9sia durant el primer tomb.<\/p>\n\n\n\n<p>L\u2019organitzaci\u00f3 es reserva el dret d\u2019admissi\u00f3 de participants. Les inscripcions es poden formalitzar a trav\u00e9s del correu electr\u00f2nic&nbsp;<a href=\"mailto:inscripcions@ctrestombs.com\" target=\"_blank\" rel=\"noreferrer noopener\">inscripcions@ctrestombs.com<\/a><\/p>\n\n\n\n<hr class=\"wp-block-separator has-alpha-channel-opacity\"\/>\n\n\n\n<h3><strong>La Bisbal del Pened\u00e8s celebrar\u00e1 Els Tres Tombs el 22 de marzo<\/strong><\/h3>\n\n\n\n<p>La Bisbal del Pened\u00e8s acoger\u00e1 el domingo 22 de marzo una nueva edici\u00f3n de Els Tres Tombs. La jornada comenzar\u00e1 a las 8.30 h con un almuerzo popular en la Era de Batre, por 8 euros, a cargo del Ball de Diables. Durante la ma\u00f1ana tambi\u00e9n habr\u00e1 venta de tortells por parte de l\u2019Associaci\u00f3 de Dones La Roca Foradada.<\/p>\n\n\n\n<p>A las 11.30 h tendr\u00e1 lugar la salida de Els Tres Tombs desde l\u2019Era de Batre. El recorrido pasar\u00e1 por las calles del municipio e incluir\u00e1 la tradicional bendici\u00f3n de los animales delante de la iglesia durante la primera vuelta.<\/p>\n\n\n\n<p>La organizaci\u00f3n se reserva el derecho de admisi\u00f3n de participantes. Las inscripciones pueden formalizarse a trav\u00e9s del correo electr\u00f3nico&nbsp;<a href=\"mailto:inscripcions@ctrestombs.com\" target=\"_blank\" rel=\"noreferrer noopener\">inscripcions@ctrestombs.com<\/a><\/p>\n","protected":false},"excerpt":{"rendered":"<p>La Bisbal del Pened\u00e8s acollir\u00e0 el diumenge 22 de mar\u00e7 una nova edici\u00f3 dels Tres Tombs. La jornada comen\u00e7ar\u00e0 a les 8.30 h amb un esmorzar popular a l\u2019Era de &hellip; <a href=\"https:\/\/bisbalpenedes.com\/web\/2026\/03\/09\/la-bisbal-del-penedes-celebrara-els-tres-tombs-el-22-de-marc\/\" class=\"more-link\">Read More<\/a><\/p>\n","protected":false},"author":4,"featured_media":36617,"comment_status":"closed","ping_status":"closed","sticky":false,"template":"","format":"standard","meta":[],"categories":[13,8],"tags":[459,2863,7391,393,1374,7392],"_links":{"self":[{"href":"https:\/\/bisbalpenedes.com\/web\/wp-json\/wp\/v2\/posts\/36616"}],"collection":[{"href":"https:\/\/bisbalpenedes.com\/web\/wp-json\/wp\/v2\/posts"}],"about":[{"href":"https:\/\/bisbalpenedes.com\/web\/wp-json\/wp\/v2\/types\/post"}],"author":[{"embeddable":true,"href":"https:\/\/bisbalpenedes.com\/web\/wp-json\/wp\/v2\/users\/4"}],"replies":[{"embeddable":true,"href":"https:\/\/bisbalpenedes.com\/web\/wp-json\/wp\/v2\/comments?post=36616"}],"version-history":[{"count":1,"href":"https:\/\/bisbalpenedes.com\/web\/wp-json\/wp\/v2\/posts\/36616\/revisions"}],"predecessor-version":[{"id":36618,"href":"https:\/\/bisbalpenedes.com\/web\/wp-json\/wp\/v2\/posts\/36616\/revisions\/36618"}],"wp:featuredmedia":[{"embeddable":true,"href":"https:\/\/bisbalpenedes.com\/web\/wp-json\/wp\/v2\/media\/36617"}],"wp:attachment":[{"href":"https:\/\/bisbalpenedes.com\/web\/wp-json\/wp\/v2\/media?parent=36616"}],"wp:term":[{"taxonomy":"category","embeddable":true,"href":"https:\/\/bisbalpenedes.com\/web\/wp-json\/wp\/v2\/categories?post=36616"},{"taxonomy":"post_tag","embeddable":true,"href":"https:\/\/bisbalpenedes.com\/web\/wp-json\/wp\/v2\/tags?post=36616"}],"curies":[{"name":"wp","href":"https:\/\/api.w.org\/{rel}","templated":true}]}}