{"id":36610,"date":"2026-03-06T15:28:03","date_gmt":"2026-03-06T13:28:03","guid":{"rendered":"https:\/\/bisbalpenedes.com\/web\/?p=36610"},"modified":"2026-03-06T15:29:50","modified_gmt":"2026-03-06T13:29:50","slug":"lajuntament-de-la-bisbal-del-penedes-continua-avancant-en-lampliacio-de-lescola-ull-de-vent","status":"publish","type":"post","link":"https:\/\/bisbalpenedes.com\/web\/2026\/03\/06\/lajuntament-de-la-bisbal-del-penedes-continua-avancant-en-lampliacio-de-lescola-ull-de-vent\/","title":{"rendered":"<strong>L\u2019Ajuntament de la Bisbal del Pened\u00e8s continua avan\u00e7ant en l\u2019ampliaci\u00f3 de l\u2019escola Ull de Vent<\/strong>"},"content":{"rendered":"\n<p>Aquest divendres 6 de mar\u00e7, l\u2019alcaldessa en funcions, Judith Vidal, el regidor d\u2019Ensenyament, Daniel Caballero, i l\u2019arquitecta municipal, \u00c0ngels Domingo, s\u2019han reunit amb C\u00e8sar Gonz\u00e1lez i Josep Sol\u00e9, arquitectes de l\u2019empresa H\u00e8lix Arquitectes Associats, SLP. Aquesta empresa \u00e9s l\u2019encarregada de la redacci\u00f3 de la modificaci\u00f3 puntual de les Normes Subsidi\u00e0ries de planejament en l\u2019\u00e0mbit del sector SAU-2, un pas necessari per poder ampliar l\u2019escola infantil i prim\u00e0ria Ull de Vent.<\/p>\n\n\n\n<p>Durant la trobada, l\u2019empresa \u2014especialitzada en urbanisme, planejament, legislaci\u00f3 urban\u00edstica i avaluaci\u00f3 ambiental\u2014 ha presentat la redacci\u00f3 del projecte per adaptar el planejament vigent amb l\u2019objectiu de permetre el creixement del centre educatiu. Amb la proposta presentada, la zona d\u2019equipaments passar\u00e0 dels 11.725 m\u00b2 actuals a 17.339 m\u00b2.<\/p>\n\n\n\n<p>Ara, l\u2019Ajuntament de la Bisbal del Pened\u00e8s procedir\u00e0 a elevar la redacci\u00f3 del projecte al Ple i, una vegada aprovada inicialment, es prosseguir\u00e0 amb la resta de la tramitaci\u00f3 administrativa.<\/p>\n\n\n\n<p>L\u2019ampliaci\u00f3 de l\u2019escola vol donar resposta a l\u2019increment de matr\u00edcules, que ha fet necessari utilitzar l\u2019antiga escola municipal per poder acollir tot l\u2019alumnat. Amb m\u00e9s aules i espais comuns adequats a les necessitats educatives del municipi, es preveu que tots els infants puguin estar ubicats en un mateix centre. La modificaci\u00f3 de les Normes Subsidi\u00e0ries de planejament \u00e9s el primer pas per fer-ho possible.<\/p>\n\n\n\n<p>Aquesta actuaci\u00f3 s\u2019emmarca en el context del <a href=\"https:\/\/portaljuridic.gencat.cat\/eli\/es-ct\/dl\/2025\/07\/01\/13\">Decret llei 13\/2025, de l\u20191 de juliol,<\/a> pel qual s\u2019adopten mesures urgents en mat\u00e8ria d\u2019escolaritzaci\u00f3 a partir del curs 2025-2026. El decret, que <a href=\"https:\/\/portaljuridic.gencat.cat\/ca\/document-del-pjur\/?documentId=1018312#2064681\">modifica l\u2019article 164 de la Llei 12\/2019, de 10 de juliol<\/a>, d\u2019educaci\u00f3, permet que els ajuntaments col\u00b7laborin amb l\u2019aportaci\u00f3 de recursos propis en obres de reforma, ampliaci\u00f3, adequaci\u00f3 i millora dels centres educatius p\u00fablics. Per aix\u00f2, tot aquest proc\u00e9s s\u2019est\u00e0 treballant des de l\u2019Alcaldia i la regidoria d\u2019Ensenyament, amb la supervisi\u00f3 i coordinaci\u00f3 del Departament d\u2019Educaci\u00f3 de la Generalitat de Catalunya.<\/p>\n\n\n\n<hr class=\"wp-block-separator has-alpha-channel-opacity\"\/>\n\n\n\n<h2><strong>El Ajuntament de la Bisbal del Pened\u00e8s contin\u00faa avanzando en la ampliaci\u00f3n de la escuela Ull de Vent<\/strong><\/h2>\n\n\n\n<p>Este viernes 6 de marzo, la alcaldesa en funciones, Judith Vidal, el concejal de Educaci\u00f3n, Daniel Caballero, y la arquitecta municipal, \u00c0ngels Domingo, se han reunido con C\u00e8sar Gonz\u00e1lez y Josep Sol\u00e9, arquitectos de la empresa H\u00e8lix Arquitectes Associats, SLP. Esta empresa es la encargada de la redacci\u00f3n de la modificaci\u00f3n puntual de las Normas Subsidiarias de planeamiento en el \u00e1mbito del sector SAU-2, un paso necesario para poder ampliar la escuela infantil y primaria Ull de Vent.<\/p>\n\n\n\n<p>Durante el encuentro, la empresa \u2014especializada en urbanismo, planeamiento, legislaci\u00f3n urban\u00edstica y evaluaci\u00f3n ambiental\u2014 ha presentado la redacci\u00f3n del proyecto para adaptar el planeamiento vigente con el objetivo de permitir el crecimiento del centro educativo. Con la propuesta presentada, la zona de equipamientos pasar\u00e1 de los 11.725 m\u00b2 actuales a 17.339 m\u00b2.<\/p>\n\n\n\n<p>Ahora, el Ajuntament de la Bisbal del Pened\u00e8s proceder\u00e1 a elevar la redacci\u00f3n del proyecto al Pleno y, una vez aprobada inicialmente, se continuar\u00e1 con el resto de la tramitaci\u00f3n administrativa.<\/p>\n\n\n\n<p>La ampliaci\u00f3n de la escuela quiere dar respuesta al incremento de matr\u00edculas, que ha hecho necesario utilizar la antigua escuela municipal para poder acoger a todo el alumnado. Con m\u00e1s aulas y espacios comunes adecuados a las necesidades educativas del municipio, se prev\u00e9 que todos los ni\u00f1os y ni\u00f1as puedan estar ubicados en un mismo centro. La modificaci\u00f3n de las Normas Subsidiarias de Planeamiento es el primer paso para hacerlo posible.<\/p>\n\n\n\n<p>Esta actuaci\u00f3n se enmarca en el contexto del <a href=\"https:\/\/portaljuridic.gencat.cat\/eli\/es-ct\/dl\/2025\/07\/01\/13\">Decreto ley 13\/2025, de 1 de julio<\/a>, por el que se adoptan medidas urgentes en materia de escolarizaci\u00f3n a partir del curso 2025-2026. El decreto, que <a href=\"https:\/\/portaljuridic.gencat.cat\/ca\/document-del-pjur\/?documentId=1018312#2064681\">modifica el art\u00edculo 164 de la Llei 12\/2019, de 10 de julio<\/a>, de educaci\u00f3n, permite que los ayuntamientos colaboren con la aportaci\u00f3n de recursos propios en obras de reforma, ampliaci\u00f3n, adecuaci\u00f3n y mejora de los centros educativos p\u00fablicos. Por ello, todo este proceso se est\u00e1 trabajando desde la Alcald\u00eda y la concejal\u00eda de Educaci\u00f3n, con la supervisi\u00f3n y coordinaci\u00f3n del Departament d\u2019Educaci\u00f3 de la Generalitat de Catalunya.<\/p>\n\n\n\n<p><\/p>\n\n\n\n<p><sup>Foto: Ra\u00fal Gallego<\/sup><\/p>\n","protected":false},"excerpt":{"rendered":"<p>Aquest divendres 6 de mar\u00e7, l\u2019alcaldessa en funcions, Judith Vidal, el regidor d\u2019Ensenyament, Daniel Caballero, i l\u2019arquitecta municipal, \u00c0ngels Domingo, s\u2019han reunit amb C\u00e8sar Gonz\u00e1lez i Josep Sol\u00e9, arquitectes de &hellip; <a href=\"https:\/\/bisbalpenedes.com\/web\/2026\/03\/06\/lajuntament-de-la-bisbal-del-penedes-continua-avancant-en-lampliacio-de-lescola-ull-de-vent\/\" class=\"more-link\">Read More<\/a><\/p>\n","protected":false},"author":4,"featured_media":36611,"comment_status":"closed","ping_status":"closed","sticky":false,"template":"","format":"standard","meta":[],"categories":[3456,8,15],"tags":[459,337,393,1374,199],"_links":{"self":[{"href":"https:\/\/bisbalpenedes.com\/web\/wp-json\/wp\/v2\/posts\/36610"}],"collection":[{"href":"https:\/\/bisbalpenedes.com\/web\/wp-json\/wp\/v2\/posts"}],"about":[{"href":"https:\/\/bisbalpenedes.com\/web\/wp-json\/wp\/v2\/types\/post"}],"author":[{"embeddable":true,"href":"https:\/\/bisbalpenedes.com\/web\/wp-json\/wp\/v2\/users\/4"}],"replies":[{"embeddable":true,"href":"https:\/\/bisbalpenedes.com\/web\/wp-json\/wp\/v2\/comments?post=36610"}],"version-history":[{"count":2,"href":"https:\/\/bisbalpenedes.com\/web\/wp-json\/wp\/v2\/posts\/36610\/revisions"}],"predecessor-version":[{"id":36613,"href":"https:\/\/bisbalpenedes.com\/web\/wp-json\/wp\/v2\/posts\/36610\/revisions\/36613"}],"wp:featuredmedia":[{"embeddable":true,"href":"https:\/\/bisbalpenedes.com\/web\/wp-json\/wp\/v2\/media\/36611"}],"wp:attachment":[{"href":"https:\/\/bisbalpenedes.com\/web\/wp-json\/wp\/v2\/media?parent=36610"}],"wp:term":[{"taxonomy":"category","embeddable":true,"href":"https:\/\/bisbalpenedes.com\/web\/wp-json\/wp\/v2\/categories?post=36610"},{"taxonomy":"post_tag","embeddable":true,"href":"https:\/\/bisbalpenedes.com\/web\/wp-json\/wp\/v2\/tags?post=36610"}],"curies":[{"name":"wp","href":"https:\/\/api.w.org\/{rel}","templated":true}]}}