{"id":36573,"date":"2026-03-05T20:54:16","date_gmt":"2026-03-05T18:54:16","guid":{"rendered":"https:\/\/bisbalpenedes.com\/web\/?p=36573"},"modified":"2026-03-05T20:54:16","modified_gmt":"2026-03-05T18:54:16","slug":"una-jove-bisbalenca-sha-incorporat-a-lajuntament-amb-un-contracte-en-practiques-en-el-marc-del-programa-de-garantia-juvenil","status":"publish","type":"post","link":"https:\/\/bisbalpenedes.com\/web\/2026\/03\/05\/una-jove-bisbalenca-sha-incorporat-a-lajuntament-amb-un-contracte-en-practiques-en-el-marc-del-programa-de-garantia-juvenil\/","title":{"rendered":"<strong>Una jove bisbalenca s\u2019ha incorporat a l\u2019Ajuntament amb un contracte en pr\u00e0ctiques en el marc del programa de Garantia Juvenil<\/strong>"},"content":{"rendered":"\n<p><strong>Treballar\u00e0 en el refor\u00e7 del servei d&#8217;intervenci\u00f3 i en tasques relacionades amb l&#8217;inventari municipal<\/strong><\/p>\n\n\n\n<p>L\u2019Ajuntament de la Bisbal del Pened\u00e8s ha incorporat una jove del municipi, l\u2019Esther Palau, amb un contracte en pr\u00e0ctiques en el marc del programa de Garantia Juvenil. El passat divendres 27 de febrer va signar el contracte de pr\u00e0ctiques remunerades, amb una durada d\u2019un any a jornada completa, que compta amb una subvenci\u00f3 del Servei d\u2019Ocupaci\u00f3 de Catalunya (SOC) corresponent a la convocat\u00f2ria 2025.<\/p>\n\n\n\n<p>En el proc\u00e9s de selecci\u00f3 s\u2019hi van presentar quatre joves, i el tribunal va proposar la candidatura amb la puntuaci\u00f3 m\u00e9s alta obtinguda. Les tasques que desenvolupar\u00e0 a l\u2019Ajuntament se centraran en el refor\u00e7 del servei d\u2019intervenci\u00f3 i en treballs relacionats amb l\u2019inventari municipal.<\/p>\n\n\n\n<p>El programa de Garantia Juvenil \u00e9s una iniciativa impulsada per la Generalitat de Catalunya amb l\u2019objectiu d\u2019incentivar la contractaci\u00f3 en pr\u00e0ctiques de joves amb formaci\u00f3 que siguin beneficiaris del programa a Catalunya. La finalitat \u00e9s millorar la seva ocupabilitat mitjan\u00e7ant l\u2019adquisici\u00f3 d\u2019aptituds i compet\u00e8ncies derivades de l\u2019experi\u00e8ncia laboral, facilitant aix\u00ed la seva incorporaci\u00f3 al mercat de treball de manera estable i duradora. Per formar part d\u2019aquest programa, els joves han de tenir entre 16 i 29 anys i disposar d\u2019un t\u00edtol universitari o de formaci\u00f3 professional de grau mitj\u00e0 o superior \u2014o un t\u00edtol oficialment reconegut com a equivalent\u2014 o b\u00e9 d\u2019un certificat de professionalitat que els habiliti per a l\u2019exercici professional, aix\u00ed com complir els requisits establerts per a la modalitat de contracte en pr\u00e0ctiques.<\/p>\n\n\n\n<hr class=\"wp-block-separator has-alpha-channel-opacity\"\/>\n\n\n\n<p><strong>Una joven bisbalenca se ha incorporado al Ayuntamiento con un contrato en pr\u00e1cticas en el marco del programa de Garant\u00eda Juvenil<br><br>Trabajar\u00e1 en el refuerzo del servicio de intervenci\u00f3n y en tareas relacionadas con el inventario municipa<\/strong>l<\/p>\n\n\n\n<p>El Ajuntament de la Bisbal del Pened\u00e8s ha incorporado a una joven del municipio, Esther Palau, con un contrato en pr\u00e1cticas en el marco del programa de Garant\u00eda Juvenil. El pasado viernes 27 de febrero firm\u00f3 el contrato de pr\u00e1cticas remuneradas, con una duraci\u00f3n de un a\u00f1o a jornada completa, que cuenta con una subvenci\u00f3n del Servei d\u2019Ocupaci\u00f3 de Catalunya (SOC) correspondiente a la convocatoria 2025.<\/p>\n\n\n\n<p>En el proceso de selecci\u00f3n se presentaron cuatro j\u00f3venes, y el tribunal propuso la candidatura con la puntuaci\u00f3n m\u00e1s alta obtenida. Las tareas que desarrollar\u00e1 en el Ayuntamiento se centrar\u00e1n en el refuerzo del servicio de intervenci\u00f3n y en trabajos relacionados con el inventario municipal.<\/p>\n\n\n\n<p>El programa de Garant\u00eda Juvenil es una iniciativa impulsada por la Generalitat de Catalunya con el objetivo de incentivar la contrataci\u00f3n en pr\u00e1cticas de j\u00f3venes con formaci\u00f3n que sean beneficiarios del programa en Catalunya. La finalidad es mejorar su empleabilidad mediante la adquisici\u00f3n de aptitudes y competencias derivadas de la experiencia laboral, facilitando as\u00ed su incorporaci\u00f3n al mercado de trabajo de forma estable y duradera. Para formar parte de este programa, los j\u00f3venes deben tener entre 16 y 29 a\u00f1os y disponer de un t\u00edtulo universitario o de formaci\u00f3n profesional de grado medio o superior \u2014o un t\u00edtulo oficialmente reconocido como equivalente\u2014 o bien de un certificado de profesionalidad que les habilite para el ejercicio profesional, as\u00ed como cumplir los requisitos establecidos para la modalidad de contrato en pr\u00e1cticas.<\/p>\n","protected":false},"excerpt":{"rendered":"<p>Treballar\u00e0 en el refor\u00e7 del servei d&#8217;intervenci\u00f3 i en tasques relacionades amb l&#8217;inventari municipal L\u2019Ajuntament de la Bisbal del Pened\u00e8s ha incorporat una jove del municipi, l\u2019Esther Palau, amb un &hellip; <a href=\"https:\/\/bisbalpenedes.com\/web\/2026\/03\/05\/una-jove-bisbalenca-sha-incorporat-a-lajuntament-amb-un-contracte-en-practiques-en-el-marc-del-programa-de-garantia-juvenil\/\" class=\"more-link\">Read More<\/a><\/p>\n","protected":false},"author":4,"featured_media":36574,"comment_status":"closed","ping_status":"closed","sticky":false,"template":"","format":"standard","meta":[],"categories":[2057,4269,8,9],"tags":[459,12,1067,393],"_links":{"self":[{"href":"https:\/\/bisbalpenedes.com\/web\/wp-json\/wp\/v2\/posts\/36573"}],"collection":[{"href":"https:\/\/bisbalpenedes.com\/web\/wp-json\/wp\/v2\/posts"}],"about":[{"href":"https:\/\/bisbalpenedes.com\/web\/wp-json\/wp\/v2\/types\/post"}],"author":[{"embeddable":true,"href":"https:\/\/bisbalpenedes.com\/web\/wp-json\/wp\/v2\/users\/4"}],"replies":[{"embeddable":true,"href":"https:\/\/bisbalpenedes.com\/web\/wp-json\/wp\/v2\/comments?post=36573"}],"version-history":[{"count":1,"href":"https:\/\/bisbalpenedes.com\/web\/wp-json\/wp\/v2\/posts\/36573\/revisions"}],"predecessor-version":[{"id":36575,"href":"https:\/\/bisbalpenedes.com\/web\/wp-json\/wp\/v2\/posts\/36573\/revisions\/36575"}],"wp:featuredmedia":[{"embeddable":true,"href":"https:\/\/bisbalpenedes.com\/web\/wp-json\/wp\/v2\/media\/36574"}],"wp:attachment":[{"href":"https:\/\/bisbalpenedes.com\/web\/wp-json\/wp\/v2\/media?parent=36573"}],"wp:term":[{"taxonomy":"category","embeddable":true,"href":"https:\/\/bisbalpenedes.com\/web\/wp-json\/wp\/v2\/categories?post=36573"},{"taxonomy":"post_tag","embeddable":true,"href":"https:\/\/bisbalpenedes.com\/web\/wp-json\/wp\/v2\/tags?post=36573"}],"curies":[{"name":"wp","href":"https:\/\/api.w.org\/{rel}","templated":true}]}}