{"id":36566,"date":"2026-03-05T16:19:49","date_gmt":"2026-03-05T14:19:49","guid":{"rendered":"https:\/\/bisbalpenedes.com\/web\/?p=36566"},"modified":"2026-03-05T16:22:12","modified_gmt":"2026-03-05T14:22:12","slug":"el-vendrell-inaugura-lany-com-a-ciutat-europea-de-lesport-2026-amb-la-presencia-institucional-de-la-bisbal-del-penedes","status":"publish","type":"post","link":"https:\/\/bisbalpenedes.com\/web\/2026\/03\/05\/el-vendrell-inaugura-lany-com-a-ciutat-europea-de-lesport-2026-amb-la-presencia-institucional-de-la-bisbal-del-penedes\/","title":{"rendered":"El Vendrell inaugura l\u2019any com a Ciutat Europea de l\u2019Esport 2026 amb la pres\u00e8ncia institucional de la Bisbal del Pened\u00e8s"},"content":{"rendered":"\n<p>El passat divendres 27 de febrer es va celebrar al Pavell\u00f3 Quim Tom\u00e0s l\u2019acte inaugural del Vendrell com a Ciutat Europea de l\u2019Esport 2026.<\/p>\n\n\n\n<p>L\u2019acte va comptar amb la pres\u00e8ncia del conseller d\u2019Esports de la Generalitat de Catalunya, Berni \u00c1lvarez, aix\u00ed com d\u2019altres autoritats i personalitats. En representaci\u00f3 de l\u2019Ajuntament de la Bisbal del Pened\u00e8s hi van assistir el regidor d\u2019Ensenyament i segon tinent d\u2019alcalde, Daniel Caballero, i el regidor de Sanitat, Feliu Gil, convidats per l\u2019alcalde del Vendrell, Kenneth Mart\u00ednez.<\/p>\n\n\n\n<p>L\u2019acte va comptar amb la participaci\u00f3 de diverses entitats esportives del Vendrell, que van oferir actuacions de ball, gimn\u00e0stica r\u00edtmica i patinatge art\u00edstic. Un dels moments simb\u00f2lics de la jornada va ser l\u2019entrega de la bandera que acredita el Vendrell com a Ciutat Europea de l\u2019Esport 2026, una distinci\u00f3 concedida per l\u2019associaci\u00f3 ACES Europe. Aquest reconeixement forma part dels guardons que atorga ACES Europe, una entitat europea que promou l\u2019esport i l\u2019activitat f\u00edsica entre la ciutadania i reconeix les ciutats que impulsen iniciatives per fomentar la pr\u00e0ctica esportiva i els seus valors.<\/p>\n\n\n\n<figure class=\"wp-block-image size-large\"><img loading=\"lazy\" width=\"1024\" height=\"682\" src=\"https:\/\/bisbalpenedes.com\/web\/wp-content\/uploads\/2026\/03\/PHOTO-2026-03-03-18-33-14-1024x682.jpg\" alt=\"\" class=\"wp-image-36568\" srcset=\"https:\/\/bisbalpenedes.com\/web\/wp-content\/uploads\/2026\/03\/PHOTO-2026-03-03-18-33-14-1024x682.jpg 1024w, https:\/\/bisbalpenedes.com\/web\/wp-content\/uploads\/2026\/03\/PHOTO-2026-03-03-18-33-14-300x200.jpg 300w, https:\/\/bisbalpenedes.com\/web\/wp-content\/uploads\/2026\/03\/PHOTO-2026-03-03-18-33-14-768x512.jpg 768w, https:\/\/bisbalpenedes.com\/web\/wp-content\/uploads\/2026\/03\/PHOTO-2026-03-03-18-33-14-1536x1024.jpg 1536w, https:\/\/bisbalpenedes.com\/web\/wp-content\/uploads\/2026\/03\/PHOTO-2026-03-03-18-33-14-600x400.jpg 600w, https:\/\/bisbalpenedes.com\/web\/wp-content\/uploads\/2026\/03\/PHOTO-2026-03-03-18-33-14.jpg 1772w\" sizes=\"(max-width: 1024px) 100vw, 1024px\" \/><\/figure>\n\n\n\n<hr class=\"wp-block-separator has-alpha-channel-opacity\"\/>\n\n\n\n<h4>El Vendrell inaugura su a\u00f1o como Ciudad Europea del Deporte 2026 con presencia institucional de la Bisbal del Pened\u00e8s<\/h4>\n\n\n\n<p>El pasado viernes 27 de febrero se celebr\u00f3 en el Pavell\u00f3 Quim Tom\u00e0s el acto inaugural del Vendrell como Ciudad Europea del Deporte 2026.<\/p>\n\n\n\n<p>El acto cont\u00f3 con la presencia del conseller d\u2019Esports de la Generalitat de Catalunya, Berni \u00c1lvarez, as\u00ed como de otras autoridades y personalidades. En representaci\u00f3n del Ajuntament de la Bisbal del Pened\u00e8s asistieron el concejal de Educaci\u00f3n y segundo teniente de alcalde, Daniel Caballero, y el concejal de Sanidad, Feliu Gil, invitados por el alcalde del Vendrell, Kenneth Mart\u00ednez.<\/p>\n\n\n\n<p>El acto cont\u00f3 con la participaci\u00f3n de diversas entidades deportivas del Vendrell que ofrecieron actuaciones de baile, gimnasia r\u00edtmica y patinaje art\u00edstico. Uno de los momentos simb\u00f3licos de la jornada fue la entrega de la bandera que acredita al Vendrell como Ciudad Europea del Deporte 2026, una distinci\u00f3n concedida por la asociaci\u00f3n ACES Europe. Este reconocimiento forma parte de los galardones que concede ACES Europe, una entidad europea que promueve el deporte y la actividad f\u00edsica entre la ciudadan\u00eda y reconoce a las ciudades que impulsan iniciativas para fomentar la pr\u00e1ctica deportiva y sus valores.<\/p>\n","protected":false},"excerpt":{"rendered":"<p>El passat divendres 27 de febrer es va celebrar al Pavell\u00f3 Quim Tom\u00e0s l\u2019acte inaugural del Vendrell com a Ciutat Europea de l\u2019Esport 2026. L\u2019acte va comptar amb la pres\u00e8ncia &hellip; <a href=\"https:\/\/bisbalpenedes.com\/web\/2026\/03\/05\/el-vendrell-inaugura-lany-com-a-ciutat-europea-de-lesport-2026-amb-la-presencia-institucional-de-la-bisbal-del-penedes\/\" class=\"more-link\">Read More<\/a><\/p>\n","protected":false},"author":4,"featured_media":36567,"comment_status":"closed","ping_status":"closed","sticky":false,"template":"","format":"standard","meta":[],"categories":[19,8],"tags":[7389,7390,391],"_links":{"self":[{"href":"https:\/\/bisbalpenedes.com\/web\/wp-json\/wp\/v2\/posts\/36566"}],"collection":[{"href":"https:\/\/bisbalpenedes.com\/web\/wp-json\/wp\/v2\/posts"}],"about":[{"href":"https:\/\/bisbalpenedes.com\/web\/wp-json\/wp\/v2\/types\/post"}],"author":[{"embeddable":true,"href":"https:\/\/bisbalpenedes.com\/web\/wp-json\/wp\/v2\/users\/4"}],"replies":[{"embeddable":true,"href":"https:\/\/bisbalpenedes.com\/web\/wp-json\/wp\/v2\/comments?post=36566"}],"version-history":[{"count":2,"href":"https:\/\/bisbalpenedes.com\/web\/wp-json\/wp\/v2\/posts\/36566\/revisions"}],"predecessor-version":[{"id":36570,"href":"https:\/\/bisbalpenedes.com\/web\/wp-json\/wp\/v2\/posts\/36566\/revisions\/36570"}],"wp:featuredmedia":[{"embeddable":true,"href":"https:\/\/bisbalpenedes.com\/web\/wp-json\/wp\/v2\/media\/36567"}],"wp:attachment":[{"href":"https:\/\/bisbalpenedes.com\/web\/wp-json\/wp\/v2\/media?parent=36566"}],"wp:term":[{"taxonomy":"category","embeddable":true,"href":"https:\/\/bisbalpenedes.com\/web\/wp-json\/wp\/v2\/categories?post=36566"},{"taxonomy":"post_tag","embeddable":true,"href":"https:\/\/bisbalpenedes.com\/web\/wp-json\/wp\/v2\/tags?post=36566"}],"curies":[{"name":"wp","href":"https:\/\/api.w.org\/{rel}","templated":true}]}}