{"id":36562,"date":"2026-03-05T16:10:06","date_gmt":"2026-03-05T14:10:06","guid":{"rendered":"https:\/\/bisbalpenedes.com\/web\/?p=36562"},"modified":"2026-03-05T16:10:06","modified_gmt":"2026-03-05T14:10:06","slug":"la-biblioteca-acollira-una-nova-sessio-de-contes-familiars-amb-rei-pippin-el-dimecres-11-de-marc","status":"publish","type":"post","link":"https:\/\/bisbalpenedes.com\/web\/2026\/03\/05\/la-biblioteca-acollira-una-nova-sessio-de-contes-familiars-amb-rei-pippin-el-dimecres-11-de-marc\/","title":{"rendered":"La Biblioteca acollir\u00e0 una nova sessi\u00f3 de contes familiars amb \u201cRei Pippin\u201d el dimecres 11 de mar\u00e7"},"content":{"rendered":"\n<p>La Biblioteca de la Bisbal del Pened\u00e8s acollir\u00e0 el dimecres 11 de mar\u00e7, a les 18 h, una nova sessi\u00f3 de contes familiars amb l\u2019espectacle <em>Rei Pippin<\/em>, a c\u00e0rrec de la narradora Jordina Biosca.<\/p>\n\n\n\n<p>L\u2019activitat, adre\u00e7ada al p\u00fablic familiar, proposa descobrir aquest relat de la tradici\u00f3 popular italiana recollit per l\u2019escriptor Italo Calvino. A trav\u00e9s de la narraci\u00f3 oral, la sessi\u00f3 convida a gaudir d\u2019una hist\u00f2ria plena d\u2019imaginaci\u00f3 i d\u2019elements propis dels contes populars.<\/p>\n\n\n\n<p>La proposta \u00e9s gratu\u00efta i tindr\u00e0 lloc a la Biblioteca p\u00fablica de la Bisbal del Pened\u00e8s. Forma part de la programaci\u00f3 d\u2019activitats culturals que promouen la lectura i l\u2019acostament als contes tradicionals entre els m\u00e9s petits i les seves fam\u00edlies.<\/p>\n\n\n\n<hr class=\"wp-block-separator has-alpha-channel-opacity\"\/>\n\n\n\n<p>La Biblioteca de la Bisbal del Pened\u00e8s acoger\u00e1 el mi\u00e9rcoles 11 de marzo, a las 18 h, una nueva sesi\u00f3n de cuentos familiares con el espect\u00e1culo <em>Rey Pippin<\/em>, a cargo de la narradora Jordina Biosca.<\/p>\n\n\n\n<p>La actividad, dirigida al p\u00fablico familiar, propone descubrir este relato de la tradici\u00f3n popular italiana recogido por el escritor Italo Calvino. A trav\u00e9s de la narraci\u00f3n oral, la sesi\u00f3n invita a disfrutar de una historia llena de imaginaci\u00f3n y de elementos propios de los cuentos populares.<\/p>\n\n\n\n<p>La propuesta es gratuita y tendr\u00e1 lugar en la Biblioteca p\u00fablica de la Bisbal del Pened\u00e8s. Forma parte de la programaci\u00f3n de actividades culturales que promueven la lectura y el acercamiento a los cuentos tradicionales entre los m\u00e1s peque\u00f1os y sus familias.<\/p>\n","protected":false},"excerpt":{"rendered":"<p>La Biblioteca de la Bisbal del Pened\u00e8s acollir\u00e0 el dimecres 11 de mar\u00e7, a les 18 h, una nova sessi\u00f3 de contes familiars amb l\u2019espectacle Rei Pippin, a c\u00e0rrec de &hellip; <a href=\"https:\/\/bisbalpenedes.com\/web\/2026\/03\/05\/la-biblioteca-acollira-una-nova-sessio-de-contes-familiars-amb-rei-pippin-el-dimecres-11-de-marc\/\" class=\"more-link\">Read More<\/a><\/p>\n","protected":false},"author":4,"featured_media":36550,"comment_status":"closed","ping_status":"closed","sticky":false,"template":"","format":"standard","meta":[],"categories":[2942,2478,13,8],"tags":[7388,459,421,6661,393,1374,7387],"_links":{"self":[{"href":"https:\/\/bisbalpenedes.com\/web\/wp-json\/wp\/v2\/posts\/36562"}],"collection":[{"href":"https:\/\/bisbalpenedes.com\/web\/wp-json\/wp\/v2\/posts"}],"about":[{"href":"https:\/\/bisbalpenedes.com\/web\/wp-json\/wp\/v2\/types\/post"}],"author":[{"embeddable":true,"href":"https:\/\/bisbalpenedes.com\/web\/wp-json\/wp\/v2\/users\/4"}],"replies":[{"embeddable":true,"href":"https:\/\/bisbalpenedes.com\/web\/wp-json\/wp\/v2\/comments?post=36562"}],"version-history":[{"count":1,"href":"https:\/\/bisbalpenedes.com\/web\/wp-json\/wp\/v2\/posts\/36562\/revisions"}],"predecessor-version":[{"id":36563,"href":"https:\/\/bisbalpenedes.com\/web\/wp-json\/wp\/v2\/posts\/36562\/revisions\/36563"}],"wp:featuredmedia":[{"embeddable":true,"href":"https:\/\/bisbalpenedes.com\/web\/wp-json\/wp\/v2\/media\/36550"}],"wp:attachment":[{"href":"https:\/\/bisbalpenedes.com\/web\/wp-json\/wp\/v2\/media?parent=36562"}],"wp:term":[{"taxonomy":"category","embeddable":true,"href":"https:\/\/bisbalpenedes.com\/web\/wp-json\/wp\/v2\/categories?post=36562"},{"taxonomy":"post_tag","embeddable":true,"href":"https:\/\/bisbalpenedes.com\/web\/wp-json\/wp\/v2\/tags?post=36562"}],"curies":[{"name":"wp","href":"https:\/\/api.w.org\/{rel}","templated":true}]}}