{"id":3656,"date":"2017-10-25T21:53:54","date_gmt":"2017-10-25T20:53:54","guid":{"rendered":"http:\/\/bisbalpenedes.com\/web\/?p=3656"},"modified":"2017-10-25T21:53:54","modified_gmt":"2017-10-25T20:53:54","slug":"acords-del-ple-extraordinari-celebrat-el-25-doctubre-de-2017","status":"publish","type":"post","link":"https:\/\/bisbalpenedes.com\/web\/2017\/10\/25\/acords-del-ple-extraordinari-celebrat-el-25-doctubre-de-2017\/","title":{"rendered":"Acords del ple extraordinari celebrat el 25 d&#8217;octubre de 2017"},"content":{"rendered":"<p><a href=\"http:\/\/bisbalpenedes.com\/web\/wp-content\/uploads\/2017\/10\/PLE-EXTRAORDINARI-25-10-2017.jpg\"><img loading=\"lazy\" class=\"aligncenter size-large wp-image-3657\" src=\"http:\/\/bisbalpenedes.com\/web\/wp-content\/uploads\/2017\/10\/PLE-EXTRAORDINARI-25-10-2017-1024x768.jpg\" alt=\"PLE EXTRAORDINARI 25-10-2017\" width=\"630\" height=\"473\" srcset=\"https:\/\/bisbalpenedes.com\/web\/wp-content\/uploads\/2017\/10\/PLE-EXTRAORDINARI-25-10-2017-1024x768.jpg 1024w, https:\/\/bisbalpenedes.com\/web\/wp-content\/uploads\/2017\/10\/PLE-EXTRAORDINARI-25-10-2017-600x450.jpg 600w, https:\/\/bisbalpenedes.com\/web\/wp-content\/uploads\/2017\/10\/PLE-EXTRAORDINARI-25-10-2017-300x225.jpg 300w, https:\/\/bisbalpenedes.com\/web\/wp-content\/uploads\/2017\/10\/PLE-EXTRAORDINARI-25-10-2017-768x576.jpg 768w\" sizes=\"(max-width: 630px) 100vw, 630px\" \/><\/a><\/p>\n<p>Aquest dimecres dia 25 d\u2019octubre de 2017 a les 18h s\u2019ha celebrat la sessi\u00f3 extraordin\u00e0ria del Ple\u00a0de l\u2019Ajuntament de La Bisbal del Pened\u00e8s. Val a dir que s\u2019ha absentat una regidora d\u2019ERC.<br \/>\nAquest ha estat el resultat de les votacions:<\/p>\n<p><strong>ORDRE DEL DIA:<\/strong><\/p>\n<p><strong>1.\u00a0Aprovaci\u00f3 de la declaraci\u00f3 d\u2019urg\u00e8ncia del ple extraordinari.<\/strong><\/p>\n<p>APROVADA PER UNANIMITAT<\/p>\n<p><strong>2. Aprovaci\u00f3 de la\u00a0moci\u00f3 per aturar la suspensi\u00f3 de l\u2019Autonomia de Catalunya, presentada pel grup municipal del PDeCAT.<\/strong><\/p>\n<p>(Feu clic <a href=\"http:\/\/bisbalpenedes.com\/web\/wp-content\/uploads\/2017\/10\/2.-Moci\u00f3-per-aturar-la-suspensi\u00f3-de-lAutonomia-de-Catalunya.pdf\">AQU\u00cd<\/a>\u00a0per llegir la moci\u00f3)<\/p>\n<p>APROVADA<\/p>\n<p>VOTS A FAVOR: PEDeCAT (5) i ERC (3)<\/p>\n<p>VOTS EN CONTRA: PSC (1)<\/p>\n<p><strong>3. Aprovaci\u00f3 de la moci\u00f3 \u2018Encara som a temps: eleccions\u2019, presentada pel grup municipal del PSC<\/strong><\/p>\n<p>(Feu clic <a href=\"http:\/\/bisbalpenedes.com\/web\/wp-content\/uploads\/2017\/10\/3.-Moci\u00f3-Encara-som-a-temps-eleccions.pdf\">AQU\u00cd<\/a> per llegir la moci\u00f3)<\/p>\n<p>NO APROVADA<\/p>\n<p>VOTS A FAVOR: PSC (1)<\/p>\n<p>VOTS EN CONTRA: PEDeCAT (5) i ERC (3)<\/p>\n<p><strong>4.Informaci\u00f3 de la gesti\u00f3 de FCC, AQUALIA, SA.\u00a0<\/strong><\/p>\n<p>Aquest punt del ple no es votava, era un punt informatiu. S&#8217;ha exposat el seg\u00fcent:<\/p>\n<p>L\u2019Ajuntament de la Bisbal i Aqualia lamentem els talls de subministrament d\u2019aigua i les baixades de pressi\u00f3 produ\u00efdes el passat cap de setmana al nostre municipi i volem manifestar que en tot moment, l\u2019Ajuntament i els operaris d\u2019Aqualia van treballar sense descans per solucionar l\u2019avaria i restablir el subministrament en el menor temps possible.<\/p>\n<p>L\u2019avaria es va produir dissabte al mat\u00ed a l\u2019equip electromec\u00e0nic del pou que abasteix al dip\u00f2sit de Priorat al poble, a causa de les tempestes de la setmana passada. La falta d\u2019entrada d\u2019aigua del pou al dip\u00f2sit va provocar que aquest es buid\u00e9s i els ve\u00efns del nucli de la Bisbal, l\u2019Ortig\u00f3s i el pol\u00edgon es van quedar sense aigua. Durant tot el dia l\u2019equip de manteniment d\u2019Aqualia va estar treballant ininterrompudament fins a \u00faltima hora de la tarda, donant per solucionada l\u2019avaria.<\/p>\n<p>Diumenge al mat\u00ed el nucli i l\u2019Ortig\u00f3s no tenien aigua per problemes de falta de pressi\u00f3, degut a que s\u2019havien format bosses d\u2019aire a les canonades. Novament els operaris d\u2019Aqualia es van posar a treballar per eliminar l\u2019aire existent i progressivament arribar a la pressi\u00f3 habitual a la xarxa.<\/p>\n<p>L\u2019equip de govern i Aqualia ja ens hem reunit i l\u2019empresa s\u2019ha comprom\u00e8s a\u00a0 realitzar un estudi per determinar quines inversions i quines millores s\u00f3n necess\u00e0ries per fer el sistema m\u00e9s fiable i modern i d\u2019aquesta manera evitar, en mesura del possible, altres avaries importants com aquestes.<\/p>\n<p>D\u2019altra banda, l\u2019Ajuntament i Aqualia tamb\u00e9 s\u2019han comprom\u00e8s a elaborar un protocol de comunicaci\u00f3 perqu\u00e8 en cas d\u2019avaries o incid\u00e8ncies a la xarxa d\u2019aigua, els ve\u00efns estiguin informats en tot moment, des de la detecci\u00f3 de la incid\u00e8ncia fins a la seva resoluci\u00f3.<\/p>\n<p>Des de l\u2019equip de govern estem estudiant amb Aqualia la possibilitat de fer algun tipus de compensaci\u00f3 als clients afectats i treballem conjuntament per millorar el servei de subministrament d\u2019aigua de La Bisbal del Pened\u00e8s.<\/p>\n<p>&nbsp;<\/p>\n","protected":false},"excerpt":{"rendered":"<p>Aquest dimecres dia 25 d\u2019octubre de 2017 a les 18h s\u2019ha celebrat la sessi\u00f3 extraordin\u00e0ria del Ple\u00a0de l\u2019Ajuntament de La Bisbal del Pened\u00e8s. Val a dir que s\u2019ha absentat una &hellip; <a href=\"https:\/\/bisbalpenedes.com\/web\/2017\/10\/25\/acords-del-ple-extraordinari-celebrat-el-25-doctubre-de-2017\/\" class=\"more-link\">Read More<\/a><\/p>\n","protected":false},"author":4,"featured_media":3657,"comment_status":"closed","ping_status":"closed","sticky":false,"template":"","format":"standard","meta":[],"categories":[4],"tags":[649,881,243,139,882],"_links":{"self":[{"href":"https:\/\/bisbalpenedes.com\/web\/wp-json\/wp\/v2\/posts\/3656"}],"collection":[{"href":"https:\/\/bisbalpenedes.com\/web\/wp-json\/wp\/v2\/posts"}],"about":[{"href":"https:\/\/bisbalpenedes.com\/web\/wp-json\/wp\/v2\/types\/post"}],"author":[{"embeddable":true,"href":"https:\/\/bisbalpenedes.com\/web\/wp-json\/wp\/v2\/users\/4"}],"replies":[{"embeddable":true,"href":"https:\/\/bisbalpenedes.com\/web\/wp-json\/wp\/v2\/comments?post=3656"}],"version-history":[{"count":1,"href":"https:\/\/bisbalpenedes.com\/web\/wp-json\/wp\/v2\/posts\/3656\/revisions"}],"predecessor-version":[{"id":3660,"href":"https:\/\/bisbalpenedes.com\/web\/wp-json\/wp\/v2\/posts\/3656\/revisions\/3660"}],"wp:featuredmedia":[{"embeddable":true,"href":"https:\/\/bisbalpenedes.com\/web\/wp-json\/wp\/v2\/media\/3657"}],"wp:attachment":[{"href":"https:\/\/bisbalpenedes.com\/web\/wp-json\/wp\/v2\/media?parent=3656"}],"wp:term":[{"taxonomy":"category","embeddable":true,"href":"https:\/\/bisbalpenedes.com\/web\/wp-json\/wp\/v2\/categories?post=3656"},{"taxonomy":"post_tag","embeddable":true,"href":"https:\/\/bisbalpenedes.com\/web\/wp-json\/wp\/v2\/tags?post=3656"}],"curies":[{"name":"wp","href":"https:\/\/api.w.org\/{rel}","templated":true}]}}