{"id":36558,"date":"2026-03-05T16:05:23","date_gmt":"2026-03-05T14:05:23","guid":{"rendered":"https:\/\/bisbalpenedes.com\/web\/?p=36558"},"modified":"2026-03-05T16:06:09","modified_gmt":"2026-03-05T14:06:09","slug":"el-10-de-marc-podreu-descobrir-lopera-norma-de-bellini-a-la-biblioteca-en-el-marc-del-cicle-llegir-lopera","status":"publish","type":"post","link":"https:\/\/bisbalpenedes.com\/web\/2026\/03\/05\/el-10-de-marc-podreu-descobrir-lopera-norma-de-bellini-a-la-biblioteca-en-el-marc-del-cicle-llegir-lopera\/","title":{"rendered":"El dimarts 10 de mar\u00e7 podreu descobrir l&#8217;\u00f2pera Norma de Bellini a la biblioteca en el marc del cicle Llegir l&#8217;\u00f2pera"},"content":{"rendered":"\n<p>La Biblioteca de la Bisbal del Pened\u00e8s acollir\u00e0 el dimarts 10 de mar\u00e7, a les 18 h, una nova sessi\u00f3 del cicle&nbsp;<em>Llegir l\u2019\u00f2pera<\/em>, dedicada a l\u2019\u00f2pera Norma de Vincenzo Bellini.<\/p>\n\n\n\n<p>La confer\u00e8ncia anir\u00e0 a c\u00e0rrec de la divulgadora d\u2019\u00f2pera i m\u00fasica cl\u00e0ssica Meritxell Tena, que oferir\u00e0 una aproximaci\u00f3 a aquesta obra emblem\u00e0tica del repertori oper\u00edstic. Durant la sessi\u00f3 s\u2019explicaran els principals elements musicals i argumentals de Norma, una \u00f2pera estrenada el 1831 i considerada una de les grans peces del bel canto.<\/p>\n\n\n\n<p>El cicle&nbsp;<em>Llegir l\u2019\u00f2pera<\/em>&nbsp;t\u00e9 com a objectiu apropar el m\u00f3n de l\u2019\u00f2pera al p\u00fablic a trav\u00e9s de sessions divulgatives que relacionen m\u00fasica i literatura. La proposta tindr\u00e0 lloc a la Biblioteca de la Bisbal del Pened\u00e8s, \u00e9s gratu\u00efta i oberta a tothom.<\/p>\n\n\n\n<hr class=\"wp-block-separator has-alpha-channel-opacity\"\/>\n\n\n\n<p>La Biblioteca de la Bisbal del Pened\u00e8s acoger\u00e1 el martes 10 de marzo, a las 18 h, una nueva sesi\u00f3n del ciclo&nbsp;<em>Llegir l\u2019\u00f2pera<\/em>, dedicada a la \u00f3pera Norma de Vincenzo Bellini.<\/p>\n\n\n\n<p>La conferencia correr\u00e1 a cargo de la divulgadora de \u00f3pera y m\u00fasica cl\u00e1sica Meritxell Tena, que ofrecer\u00e1 una aproximaci\u00f3n a esta obra emblem\u00e1tica del repertorio oper\u00edstico. Durante la sesi\u00f3n se explicar\u00e1n los principales elementos musicales y argumentales de Norma, una \u00f3pera estrenada en 1831 y considerada una de las grandes piezas del bel canto.<\/p>\n\n\n\n<p>El ciclo&nbsp;<em>Llegir l\u2019\u00f2pera<\/em>&nbsp;tiene como objetivo acercar el mundo de la \u00f3pera al p\u00fablico a trav\u00e9s de sesiones divulgativas que relacionan m\u00fasica y literatura. La propuesta tendr\u00e1 lugar en la Biblioteca de la Bisbal del Pened\u00e8s, es gratuita y est\u00e1 abierta a todo el mundo.<\/p>\n","protected":false},"excerpt":{"rendered":"<p>La Biblioteca de la Bisbal del Pened\u00e8s acollir\u00e0 el dimarts 10 de mar\u00e7, a les 18 h, una nova sessi\u00f3 del cicle&nbsp;Llegir l\u2019\u00f2pera, dedicada a l\u2019\u00f2pera Norma de Vincenzo Bellini. &hellip; <a href=\"https:\/\/bisbalpenedes.com\/web\/2026\/03\/05\/el-10-de-marc-podreu-descobrir-lopera-norma-de-bellini-a-la-biblioteca-en-el-marc-del-cicle-llegir-lopera\/\" class=\"more-link\">Read More<\/a><\/p>\n","protected":false},"author":4,"featured_media":36551,"comment_status":"closed","ping_status":"closed","sticky":false,"template":"","format":"standard","meta":[],"categories":[2478,13,8],"tags":[7386,225,7385,393,7384,7382,618,7383],"_links":{"self":[{"href":"https:\/\/bisbalpenedes.com\/web\/wp-json\/wp\/v2\/posts\/36558"}],"collection":[{"href":"https:\/\/bisbalpenedes.com\/web\/wp-json\/wp\/v2\/posts"}],"about":[{"href":"https:\/\/bisbalpenedes.com\/web\/wp-json\/wp\/v2\/types\/post"}],"author":[{"embeddable":true,"href":"https:\/\/bisbalpenedes.com\/web\/wp-json\/wp\/v2\/users\/4"}],"replies":[{"embeddable":true,"href":"https:\/\/bisbalpenedes.com\/web\/wp-json\/wp\/v2\/comments?post=36558"}],"version-history":[{"count":2,"href":"https:\/\/bisbalpenedes.com\/web\/wp-json\/wp\/v2\/posts\/36558\/revisions"}],"predecessor-version":[{"id":36560,"href":"https:\/\/bisbalpenedes.com\/web\/wp-json\/wp\/v2\/posts\/36558\/revisions\/36560"}],"wp:featuredmedia":[{"embeddable":true,"href":"https:\/\/bisbalpenedes.com\/web\/wp-json\/wp\/v2\/media\/36551"}],"wp:attachment":[{"href":"https:\/\/bisbalpenedes.com\/web\/wp-json\/wp\/v2\/media?parent=36558"}],"wp:term":[{"taxonomy":"category","embeddable":true,"href":"https:\/\/bisbalpenedes.com\/web\/wp-json\/wp\/v2\/categories?post=36558"},{"taxonomy":"post_tag","embeddable":true,"href":"https:\/\/bisbalpenedes.com\/web\/wp-json\/wp\/v2\/tags?post=36558"}],"curies":[{"name":"wp","href":"https:\/\/api.w.org\/{rel}","templated":true}]}}