{"id":36543,"date":"2026-03-05T14:32:46","date_gmt":"2026-03-05T12:32:46","guid":{"rendered":"https:\/\/bisbalpenedes.com\/web\/?p=36543"},"modified":"2026-03-05T14:32:47","modified_gmt":"2026-03-05T12:32:47","slug":"avis-per-vent-i-intensitat-de-pluja-per-al-dijous-5-i-el-divendres-6-de-marc","status":"publish","type":"post","link":"https:\/\/bisbalpenedes.com\/web\/2026\/03\/05\/avis-per-vent-i-intensitat-de-pluja-per-al-dijous-5-i-el-divendres-6-de-marc\/","title":{"rendered":"Av\u00eds per vent i intensitat de pluja per al dijous 5 i el divendres 6 de mar\u00e7"},"content":{"rendered":"\n<p>Av\u00eds per vent i intensitat de pluja per avui dijous i dem\u00e0 divendres.<br>La precipitaci\u00f3 pot anar localment acompanyada de tempesta i no es descarta la caiguda de calamarsa.<\/p>\n\n\n\n<p>Extremeu les precaucions i mantingueu-vos informats a trav\u00e9s del web del Servei Meteorol\u00f2gic de Catalunya: <a href=\"https:\/\/www.meteo.cat\">www.meteo.cat<\/a><\/p>\n\n\n\n<hr class=\"wp-block-separator has-alpha-channel-opacity\"\/>\n\n\n\n<p>Aviso por viento y lluvias intensas para hoy jueves y ma\u00f1ana viernes.La precipitaci\u00f3n puede ir localmente acompa\u00f1ada de tormenta y no se descarta la ca\u00edda de granizo.<\/p>\n\n\n\n<p>Extremad las precauciones y manteneos informados a trav\u00e9s de la web del Servei Meteorol\u00f2gic de Catalunya: <a href=\"https:\/\/www.meteo.cat\">www.meteo.cat<\/a><\/p>\n\n\n\n<figure class=\"wp-container-2 wp-block-gallery-1 wp-block-gallery has-nested-images columns-default is-cropped\">\n<figure class=\"wp-block-image size-large\"><img loading=\"lazy\" width=\"819\" height=\"1024\" data-id=\"36546\"  src=\"https:\/\/bisbalpenedes.com\/web\/wp-content\/uploads\/2026\/03\/1-819x1024.jpg\" alt=\"\" class=\"wp-image-36546\" srcset=\"https:\/\/bisbalpenedes.com\/web\/wp-content\/uploads\/2026\/03\/1-819x1024.jpg 819w, https:\/\/bisbalpenedes.com\/web\/wp-content\/uploads\/2026\/03\/1-240x300.jpg 240w, https:\/\/bisbalpenedes.com\/web\/wp-content\/uploads\/2026\/03\/1-768x960.jpg 768w, https:\/\/bisbalpenedes.com\/web\/wp-content\/uploads\/2026\/03\/1-600x750.jpg 600w, https:\/\/bisbalpenedes.com\/web\/wp-content\/uploads\/2026\/03\/1.jpg 1080w\" sizes=\"(max-width: 819px) 100vw, 819px\" \/><\/figure>\n\n\n\n<figure class=\"wp-block-image size-large\"><img loading=\"lazy\" width=\"819\" height=\"1024\" data-id=\"36547\"  src=\"https:\/\/bisbalpenedes.com\/web\/wp-content\/uploads\/2026\/03\/2-819x1024.jpg\" alt=\"\" class=\"wp-image-36547\" srcset=\"https:\/\/bisbalpenedes.com\/web\/wp-content\/uploads\/2026\/03\/2-819x1024.jpg 819w, https:\/\/bisbalpenedes.com\/web\/wp-content\/uploads\/2026\/03\/2-240x300.jpg 240w, https:\/\/bisbalpenedes.com\/web\/wp-content\/uploads\/2026\/03\/2-768x960.jpg 768w, https:\/\/bisbalpenedes.com\/web\/wp-content\/uploads\/2026\/03\/2-600x750.jpg 600w, https:\/\/bisbalpenedes.com\/web\/wp-content\/uploads\/2026\/03\/2.jpg 1080w\" sizes=\"(max-width: 819px) 100vw, 819px\" \/><\/figure>\n\n\n\n<figure class=\"wp-block-image size-large\"><img loading=\"lazy\" width=\"819\" height=\"1024\" data-id=\"36545\"  src=\"https:\/\/bisbalpenedes.com\/web\/wp-content\/uploads\/2026\/03\/3-819x1024.jpg\" alt=\"\" class=\"wp-image-36545\" srcset=\"https:\/\/bisbalpenedes.com\/web\/wp-content\/uploads\/2026\/03\/3-819x1024.jpg 819w, https:\/\/bisbalpenedes.com\/web\/wp-content\/uploads\/2026\/03\/3-240x300.jpg 240w, https:\/\/bisbalpenedes.com\/web\/wp-content\/uploads\/2026\/03\/3-768x960.jpg 768w, https:\/\/bisbalpenedes.com\/web\/wp-content\/uploads\/2026\/03\/3-600x750.jpg 600w, https:\/\/bisbalpenedes.com\/web\/wp-content\/uploads\/2026\/03\/3.jpg 1080w\" sizes=\"(max-width: 819px) 100vw, 819px\" \/><\/figure>\n<\/figure>\n","protected":false},"excerpt":{"rendered":"<p>Av\u00eds per vent i intensitat de pluja per avui dijous i dem\u00e0 divendres.La precipitaci\u00f3 pot anar localment acompanyada de tempesta i no es descarta la caiguda de calamarsa. Extremeu les &hellip; <a href=\"https:\/\/bisbalpenedes.com\/web\/2026\/03\/05\/avis-per-vent-i-intensitat-de-pluja-per-al-dijous-5-i-el-divendres-6-de-marc\/\" class=\"more-link\">Read More<\/a><\/p>\n","protected":false},"author":4,"featured_media":36544,"comment_status":"closed","ping_status":"closed","sticky":false,"template":"","format":"standard","meta":[],"categories":[1628,2543,8],"tags":[459,3815,393,1188,2474,3362],"_links":{"self":[{"href":"https:\/\/bisbalpenedes.com\/web\/wp-json\/wp\/v2\/posts\/36543"}],"collection":[{"href":"https:\/\/bisbalpenedes.com\/web\/wp-json\/wp\/v2\/posts"}],"about":[{"href":"https:\/\/bisbalpenedes.com\/web\/wp-json\/wp\/v2\/types\/post"}],"author":[{"embeddable":true,"href":"https:\/\/bisbalpenedes.com\/web\/wp-json\/wp\/v2\/users\/4"}],"replies":[{"embeddable":true,"href":"https:\/\/bisbalpenedes.com\/web\/wp-json\/wp\/v2\/comments?post=36543"}],"version-history":[{"count":1,"href":"https:\/\/bisbalpenedes.com\/web\/wp-json\/wp\/v2\/posts\/36543\/revisions"}],"predecessor-version":[{"id":36548,"href":"https:\/\/bisbalpenedes.com\/web\/wp-json\/wp\/v2\/posts\/36543\/revisions\/36548"}],"wp:featuredmedia":[{"embeddable":true,"href":"https:\/\/bisbalpenedes.com\/web\/wp-json\/wp\/v2\/media\/36544"}],"wp:attachment":[{"href":"https:\/\/bisbalpenedes.com\/web\/wp-json\/wp\/v2\/media?parent=36543"}],"wp:term":[{"taxonomy":"category","embeddable":true,"href":"https:\/\/bisbalpenedes.com\/web\/wp-json\/wp\/v2\/categories?post=36543"},{"taxonomy":"post_tag","embeddable":true,"href":"https:\/\/bisbalpenedes.com\/web\/wp-json\/wp\/v2\/tags?post=36543"}],"curies":[{"name":"wp","href":"https:\/\/api.w.org\/{rel}","templated":true}]}}