{"id":36538,"date":"2026-03-05T13:58:21","date_gmt":"2026-03-05T11:58:21","guid":{"rendered":"https:\/\/bisbalpenedes.com\/web\/?p=36538"},"modified":"2026-03-05T14:00:19","modified_gmt":"2026-03-05T12:00:19","slug":"la-bisbal-del-penedes-celebrara-la-1a-fira-animal-del-municipi-el-dissabte-12-de-setembre","status":"publish","type":"post","link":"https:\/\/bisbalpenedes.com\/web\/2026\/03\/05\/la-bisbal-del-penedes-celebrara-la-1a-fira-animal-del-municipi-el-dissabte-12-de-setembre\/","title":{"rendered":"<strong>La Bisbal del Pened\u00e8s celebrar\u00e0 la 1a Fira Animal del municipi el dissabte 12 de setembre<\/strong>"},"content":{"rendered":"\n<p><strong>L\u2019Ajuntament i l\u2019entitat Tarracodogs han arribat a un acord per impulsar aquest esdeveniment dedicat al benestar animal<\/strong><\/p>\n\n\n\n<p>La Bisbal del Pened\u00e8s acollir\u00e0 la 1a Fira Animal del municipi el dissabte 12 de setembre. L\u2019alcaldessa en funcions, Judith Vidal, i el regidor de Benestar Animal, Daniel Caballero, han arribat a un acord amb l\u2019entitat Tarracodogs, amb seu al municipi, per a l\u2019organitzaci\u00f3 d\u2019aquest esdeveniment dedicat al benestar dels animals, amb l\u2019objectiu de recaptar fons per a aquesta associaci\u00f3 que treballa per a la protecci\u00f3 dels animals.<\/p>\n\n\n\n<p>La fira se celebrar\u00e0 al nucli de la Bisbal del Pened\u00e8s i aplegar\u00e0 diverses parades amb productes destinats al benestar animal (alimentaci\u00f3, complements, joguines\u2026) i productes veterinaris. Durant la jornada tamb\u00e9 s\u2019organitzaran diverses activitats per a tots els p\u00fablics. Per cloure la fira, hi haur\u00e0 una actuaci\u00f3 musical i barra de bar. La recaptaci\u00f3 es destinar\u00e0 \u00edntegrament a l\u2019entitat protectora Tarracodogs per continuar impulsant la seva tasca en defensa i protecci\u00f3 dels animals.<\/p>\n\n\n\n<p>El regidor de Benestar Animal, Daniel Caballero, ha destacat que \u201caquesta entitat treballa pel benestar dels animals i col\u00b7labora amb moltes altres entitats amb un objectiu com\u00fa que tamb\u00e9 compartim des de la Regidoria: la defensa i el benestar animal. Estem contents de poder anunciar aquesta fira, una proposta que ens ha arribat de la m\u00e0 de dos bisbalencs i que esperem que sigui tot un \u00e8xit\u201d.<\/p>\n\n\n\n<p>Caballero tamb\u00e9 ha volgut remarcar que \u201caquesta ser\u00e0 la primera fira d\u2019aquestes caracter\u00edstiques que es far\u00e0 al Baix Pened\u00e8s i aix\u00f2 ens fa especialment contents. Ens encantaria que altres municipis del nostre entorn repliquessin la iniciativa perqu\u00e8 fires com aquesta, a m\u00e9s de ser un atractiu per als amants dels animals, tamb\u00e9 serveixen per sensibilitzar sobre la tinen\u00e7a responsable, promoure el respecte pels drets i el benestar dels animals i continuar lluitant contra el maltractament animal&#8221;.<\/p>\n\n\n\n<hr class=\"wp-block-separator has-alpha-channel-opacity\"\/>\n\n\n\n<h3><strong>La Bisbal del Pened\u00e8s celebrar\u00e1 la 1\u00aa Feria Animal del municipio el s\u00e1bado 12 de septiembre<\/strong><\/h3>\n\n\n\n<h4><strong>El Ayuntamiento y la entidad Tarracodogs han llegado a un acuerdo para impulsar este evento dedicado al bienestar animal<\/strong><\/h4>\n\n\n\n<p>La Bisbal del Pened\u00e8s acoger\u00e1 la 1\u00aa Feria Animal del municipio el s\u00e1bado 12 de septiembre. La alcaldesa en funciones, Judith Vidal, y el concejal de Bienestar Animal, Daniel Caballero, han llegado a un acuerdo con la entidad Tarracodogs, con sede en el municipio, para la organizaci\u00f3n de este evento dedicado al bienestar de los animales, con el objetivo de recaudar fondos para esta asociaci\u00f3n que trabaja para la protecci\u00f3n de los animales.<\/p>\n\n\n\n<p>La feria se celebrar\u00e1 en el n\u00facleo de la Bisbal del Pened\u00e8s y reunir\u00e1 diversas paradas con productos destinados al bienestar animal (alimentaci\u00f3n, complementos, juguetes\u2026) y productos veterinarios. Durante la jornada tambi\u00e9n se organizar\u00e1n diversas actividades para todos los p\u00fablicos. Para cerrar la feria, habr\u00e1 una actuaci\u00f3n musical y barra de bar. La recaudaci\u00f3n se destinar\u00e1 \u00edntegramente a la entidad protectora Tarracodogs para continuar impulsando su labor en defensa y protecci\u00f3n de los animales.<\/p>\n\n\n\n<p>El concejal de Bienestar Animal, Daniel Caballero, ha destacado que \u201cesta entidad trabaja por el bienestar de los animales y colabora con muchas otras entidades con un objetivo com\u00fan que tambi\u00e9n compartimos desde la Concejal\u00eda: la defensa y el bienestar animal. Estamos contentos de poder anunciar esta feria, una propuesta que nos ha llegado de la mano de dos vecinos de la Bisbal y que esperamos que sea todo un \u00e9xito\u201d.<\/p>\n\n\n\n<p>Caballero tambi\u00e9n ha querido remarcar que \u201cesta ser\u00e1 la primera feria de estas caracter\u00edsticas que se celebrar\u00e1 en el Baix Pened\u00e8s y eso nos hace especialmente felices. Nos encantar\u00eda que otros municipios de nuestro entorno replicaran la iniciativa, porque ferias como esta, adem\u00e1s de ser un atractivo para los amantes de los animales, tambi\u00e9n sirven para sensibilizar sobre la tenencia responsable, promover el respeto por los derechos y el bienestar de los animales y seguir luchando contra el maltrato animal&#8221;.<br><br><sup><sub>A la Foto, d&#8217;esquerra a dreta: Oscar L\u00f3pez, secretari de Tarracodogs; Judith Vidal, alcaldessa en funcions; Daniel Caballero, regidor de Benestar Animal; i Ana Bel\u00e9n Compte, presidenta de Tarracodogs.<\/sub><\/sup><\/p>\n","protected":false},"excerpt":{"rendered":"<p>L\u2019Ajuntament i l\u2019entitat Tarracodogs han arribat a un acord per impulsar aquest esdeveniment dedicat al benestar animal La Bisbal del Pened\u00e8s acollir\u00e0 la 1a Fira Animal del municipi el dissabte &hellip; <a href=\"https:\/\/bisbalpenedes.com\/web\/2026\/03\/05\/la-bisbal-del-penedes-celebrara-la-1a-fira-animal-del-municipi-el-dissabte-12-de-setembre\/\" class=\"more-link\">Read More<\/a><\/p>\n","protected":false},"author":4,"featured_media":36539,"comment_status":"closed","ping_status":"closed","sticky":false,"template":"","format":"standard","meta":[],"categories":[6117,8],"tags":[459,5931,7378,393,1374],"_links":{"self":[{"href":"https:\/\/bisbalpenedes.com\/web\/wp-json\/wp\/v2\/posts\/36538"}],"collection":[{"href":"https:\/\/bisbalpenedes.com\/web\/wp-json\/wp\/v2\/posts"}],"about":[{"href":"https:\/\/bisbalpenedes.com\/web\/wp-json\/wp\/v2\/types\/post"}],"author":[{"embeddable":true,"href":"https:\/\/bisbalpenedes.com\/web\/wp-json\/wp\/v2\/users\/4"}],"replies":[{"embeddable":true,"href":"https:\/\/bisbalpenedes.com\/web\/wp-json\/wp\/v2\/comments?post=36538"}],"version-history":[{"count":2,"href":"https:\/\/bisbalpenedes.com\/web\/wp-json\/wp\/v2\/posts\/36538\/revisions"}],"predecessor-version":[{"id":36541,"href":"https:\/\/bisbalpenedes.com\/web\/wp-json\/wp\/v2\/posts\/36538\/revisions\/36541"}],"wp:featuredmedia":[{"embeddable":true,"href":"https:\/\/bisbalpenedes.com\/web\/wp-json\/wp\/v2\/media\/36539"}],"wp:attachment":[{"href":"https:\/\/bisbalpenedes.com\/web\/wp-json\/wp\/v2\/media?parent=36538"}],"wp:term":[{"taxonomy":"category","embeddable":true,"href":"https:\/\/bisbalpenedes.com\/web\/wp-json\/wp\/v2\/categories?post=36538"},{"taxonomy":"post_tag","embeddable":true,"href":"https:\/\/bisbalpenedes.com\/web\/wp-json\/wp\/v2\/tags?post=36538"}],"curies":[{"name":"wp","href":"https:\/\/api.w.org\/{rel}","templated":true}]}}