{"id":36518,"date":"2026-02-26T18:29:31","date_gmt":"2026-02-26T16:29:31","guid":{"rendered":"https:\/\/bisbalpenedes.com\/web\/?p=36518"},"modified":"2026-02-26T18:29:32","modified_gmt":"2026-02-26T16:29:32","slug":"la-biblioteca-publica-amplia-lhorari-com-a-aula-destudi-durant-el-periode-dexamens","status":"publish","type":"post","link":"https:\/\/bisbalpenedes.com\/web\/2026\/02\/26\/la-biblioteca-publica-amplia-lhorari-com-a-aula-destudi-durant-el-periode-dexamens\/","title":{"rendered":"La Biblioteca P\u00fablica amplia l\u2019horari com a aula d\u2019estudi durant el per\u00edode d\u2019ex\u00e0mens"},"content":{"rendered":"\n<p><strong>Fins al 10 de mar\u00e7 obrir\u00e0 tamb\u00e9 en horari de mat\u00ed per facilitar la preparaci\u00f3 de l\u2019alumnat<\/strong><\/p>\n\n\n\n<p>Amb motiu del per\u00edode d\u2019ex\u00e0mens, la biblioteca ha ampliat excepcionalment el seu horari per oferir el servei d\u2019aula d\u2019estudi als matins.<\/p>\n\n\n\n<p>Aix\u00ed, fins al 10 de mar\u00e7, la biblioteca obrir\u00e0 de dilluns a divendres de 10.30h a 13h. A m\u00e9s, tamb\u00e9 restar\u00e0 oberta el dissabte 7 de mar\u00e7 en el mateix horari de mat\u00ed. Aquest refor\u00e7 se suma a l\u2019horari habitual de tarda, que es mant\u00e9 sense modificacions.<\/p>\n\n\n\n<p>L\u2019objectiu d\u2019aquesta ampliaci\u00f3 \u00e9s facilitar un espai adequat per a la concentraci\u00f3 i l\u2019estudi durant aquestes setmanes, donant suport a l\u2019alumnat del municipi.<\/p>\n\n\n\n<p>Per tal de gestionar correctament l\u2019aforament i l\u2019\u00fas de l\u2019espai, es recomana a les persones interessades que es posin en contacte amb la biblioteca, pr\u00e8viament, a trav\u00e9s del correu electr\u00f2nic&nbsp;<a href=\"mailto:biblioteca@bisbalpenedes.com\">biblioteca@bisbalpenedes.com<\/a>&nbsp;o del WhatsApp&nbsp;<a href=\"https:\/\/wa.me\/601900588\" target=\"_blank\" rel=\"noreferrer noopener\">601 900 588<\/a><strong><\/strong>.<\/p>\n\n\n\n<hr class=\"wp-block-separator has-alpha-channel-opacity\"\/>\n\n\n\n<h3><strong>La Biblioteca P\u00fablica ampl\u00eda el horario como aula de estudio durante el periodo de ex\u00e1menes<\/strong><\/h3>\n\n\n\n<h4><strong>Hasta el 10 de marzo abrir\u00e1 tambi\u00e9n en horario de ma\u00f1ana para facilitar la preparaci\u00f3n del alumnado<\/strong><\/h4>\n\n\n\n<p>Con motivo del periodo de ex\u00e1menes, la biblioteca ha ampliado excepcionalmente su horario para ofrecer el servicio de aula de estudio por las ma\u00f1anas.<\/p>\n\n\n\n<p>As\u00ed, hasta el 10 de marzo, la biblioteca abrir\u00e1 de lunes a viernes de 10.30h a 13h. Adem\u00e1s, tambi\u00e9n permanecer\u00e1 abierta el s\u00e1bado 7 de marzo en el mismo horario de ma\u00f1ana. Este refuerzo se suma al horario habitual de tarde, que se mantiene sin modificaciones.<\/p>\n\n\n\n<p>El objetivo de esta ampliaci\u00f3n es facilitar un espacio adecuado para la concentraci\u00f3n y el estudio durante estas semanas, dando apoyo al alumnado del municipio.<\/p>\n\n\n\n<p>Para gestionar correctamente el aforo y el uso del espacio, pod\u00e9is consultar o poneros en contacto con la biblioteca, previamente, a trav\u00e9s del correo electr\u00f3nico&nbsp;<a href=\"mailto:biblioteca@bisbalpenedes.com\">biblioteca@bisbalpenedes.com<\/a>&nbsp;o del WhatsApp&nbsp;<a href=\"https:\/\/wa.me\/601900588\" target=\"_blank\" rel=\"noreferrer noopener\">601 900 588<\/a><\/p>\n","protected":false},"excerpt":{"rendered":"<p>Fins al 10 de mar\u00e7 obrir\u00e0 tamb\u00e9 en horari de mat\u00ed per facilitar la preparaci\u00f3 de l\u2019alumnat Amb motiu del per\u00edode d\u2019ex\u00e0mens, la biblioteca ha ampliat excepcionalment el seu horari &hellip; <a href=\"https:\/\/bisbalpenedes.com\/web\/2026\/02\/26\/la-biblioteca-publica-amplia-lhorari-com-a-aula-destudi-durant-el-periode-dexamens\/\" class=\"more-link\">Read More<\/a><\/p>\n","protected":false},"author":4,"featured_media":36520,"comment_status":"closed","ping_status":"closed","sticky":false,"template":"","format":"standard","meta":[],"categories":[2478,13,8],"tags":[7374,3426,393],"_links":{"self":[{"href":"https:\/\/bisbalpenedes.com\/web\/wp-json\/wp\/v2\/posts\/36518"}],"collection":[{"href":"https:\/\/bisbalpenedes.com\/web\/wp-json\/wp\/v2\/posts"}],"about":[{"href":"https:\/\/bisbalpenedes.com\/web\/wp-json\/wp\/v2\/types\/post"}],"author":[{"embeddable":true,"href":"https:\/\/bisbalpenedes.com\/web\/wp-json\/wp\/v2\/users\/4"}],"replies":[{"embeddable":true,"href":"https:\/\/bisbalpenedes.com\/web\/wp-json\/wp\/v2\/comments?post=36518"}],"version-history":[{"count":1,"href":"https:\/\/bisbalpenedes.com\/web\/wp-json\/wp\/v2\/posts\/36518\/revisions"}],"predecessor-version":[{"id":36521,"href":"https:\/\/bisbalpenedes.com\/web\/wp-json\/wp\/v2\/posts\/36518\/revisions\/36521"}],"wp:featuredmedia":[{"embeddable":true,"href":"https:\/\/bisbalpenedes.com\/web\/wp-json\/wp\/v2\/media\/36520"}],"wp:attachment":[{"href":"https:\/\/bisbalpenedes.com\/web\/wp-json\/wp\/v2\/media?parent=36518"}],"wp:term":[{"taxonomy":"category","embeddable":true,"href":"https:\/\/bisbalpenedes.com\/web\/wp-json\/wp\/v2\/categories?post=36518"},{"taxonomy":"post_tag","embeddable":true,"href":"https:\/\/bisbalpenedes.com\/web\/wp-json\/wp\/v2\/tags?post=36518"}],"curies":[{"name":"wp","href":"https:\/\/api.w.org\/{rel}","templated":true}]}}