{"id":36515,"date":"2026-02-26T17:30:34","date_gmt":"2026-02-26T15:30:34","guid":{"rendered":"https:\/\/bisbalpenedes.com\/web\/?p=36515"},"modified":"2026-02-26T17:30:35","modified_gmt":"2026-02-26T15:30:35","slug":"el-dilluns-9-de-febrer-es-va-celebrar-un-ple-extraordinari-a-lajuntament-de-la-bisbal-del-penedes","status":"publish","type":"post","link":"https:\/\/bisbalpenedes.com\/web\/2026\/02\/26\/el-dilluns-9-de-febrer-es-va-celebrar-un-ple-extraordinari-a-lajuntament-de-la-bisbal-del-penedes\/","title":{"rendered":"<strong>El dilluns 9 de febrer es va celebrar un Ple extraordinari a l&#8217;Ajuntament de la Bisbal del Pened\u00e8s<\/strong>"},"content":{"rendered":"\n<p>El dilluns 9 de febrer, a les 19.00 h, es va celebrar un Ple extraordinari a l\u2019Ajuntament de la Bisbal del Pened\u00e8s.<\/p>\n\n\n\n<p>No van assistir al Ple Agn\u00e8s Ferr\u00e9 del grup municipal Comprom\u00eds amb la Bisbal i Jaume Valls, del grup municipal La Bisbal Decideix.<\/p>\n\n\n\n<p>Podeu veure el v\u00eddeo de la sessi\u00f3 en aquest enlla\u00e7: <a href=\"https:\/\/actes.bisbalpenedes.com\/session\/sessionDetail\/8a8180889c6442b5019c66fd42fa0001\">https:\/\/actes.bisbalpenedes.com\/session\/sessionDetail\/8a8180889c6442b5019c66fd42fa0001<\/a><\/p>\n\n\n\n<p>S\u2019hi van tractar els punts seg\u00fcents:<\/p>\n\n\n\n<p><strong>Punt 1. Delegaci\u00f3 de compet\u00e8ncia al Consell Comarcal del Baix Pened\u00e8s per a la redacci\u00f3 dels Plans Integrals de Gesti\u00f3 dels Sistemes de Sanejament (PIGSS) de l\u2019aglomeraci\u00f3 La Riera de la Bisbal dels sistemes de sanejament en baixa.<\/strong><\/p>\n\n\n\n<p>Es va aprovar amb els vots a favor de Comprom\u00eds amb la Bisbal (4), PSC (1), La Bisbal Decideix (1) i ERC-AM (1) i les abstencions de Tots som la Bisbal &#8211; Urbanizaciones Unidas (2).<\/p>\n\n\n\n<p>Podeu ampliar la informaci\u00f3, aqu\u00ed: <a href=\"https:\/\/bisbalpenedes.com\/web\/2026\/02\/13\/la-bisbal-del-penedes-delega-la-competencia-per-a-la-redaccio-dels-plans-integrals-de-gestio-dels-sistemes-de-sanejament-de-laglomeracio-de-la-riera-de-la-bisbal-al-consell-comarcal-del-baix-penedes\/\">https:\/\/bisbalpenedes.com\/web\/2026\/02\/13\/la-bisbal-del-penedes-delega-la-competencia-per-a-la-redaccio-dels-plans-integrals-de-gestio-dels-sistemes-de-sanejament-de-laglomeracio-de-la-riera-de-la-bisbal-al-consell-comarcal-del-baix-penedes\/<\/a><\/p>\n\n\n\n<p><strong>Punt 2. Aprovaci\u00f3 del conveni per al servei regular interurb\u00e0 de transport p\u00fablic de viatgers al municipi de la Bisbal del Pened\u00e8s.<\/strong><\/p>\n\n\n\n<p>Es va aprovar per unanimitat dels assistents.<\/p>\n\n\n\n<p>Podeu ampliar la informaci\u00f3, aqu\u00ed: <a href=\"https:\/\/bisbalpenedes.com\/web\/2026\/02\/18\/el-ple-aprova-per-unanimitat-el-conveni-per-al-transport-urba-a-la-bisbal-del-penedes\/\">https:\/\/bisbalpenedes.com\/web\/2026\/02\/18\/el-ple-aprova-per-unanimitat-el-conveni-per-al-transport-urba-a-la-bisbal-del-penedes\/<\/a><\/p>\n\n\n\n<p><strong>Punt 3. Aprovaci\u00f3 del reconeixement extrajudicial de cr\u00e8dit (REC 1).<\/strong><\/p>\n\n\n\n<p>Es va aprovar amb els vots a favor de Comprom\u00eds amb la Bisbal (4) i PSC (1) i els vots en contra de La Bisbal Decideix (1), Tots som la Bisbal &#8211; Urbanizaciones Unidas (2) i ERC-AM (1).<\/p>\n\n\n\n<p>Es va aprovar el reconeixement de les obligacions de despeses indegudament adquirides (REC 1) per un import total de 135.176,12 euros corresponent a serveis i adquisicions amb &#8220;defici\u00e8ncies en la tramitaci\u00f3&#8221;, segons va explicar l&#8217;equip de govern.<\/p>\n\n\n\n<p><strong>Punt 4. Aprovaci\u00f3 inicial de l\u2019expedient de modificaci\u00f3 de cr\u00e8dit en modalitat de suplement de cr\u00e8dit 1PLE\/2026.<\/strong><\/p>\n\n\n\n<p>Es va aprovar per unanimitat dels assistents.<\/p>\n\n\n\n<p>Es va aprovar inicialment una modificaci\u00f3 de cr\u00e8dit per import de 3.420 euros en la modalitat de suplement de cr\u00e8dit.<\/p>\n\n\n\n<p>Els fons provenen de 2.100 euros de la partida d\u2019assignaci\u00f3 a grups pol\u00edtics, ja que segons va explicar l&#8217;alcaldessa en funcions, Judith Vidal &#8220;el grup de Comprom\u00eds amb la Bisbal i el PSC renunciem a aquest cobrament&#8221; i 1.320 euros de seguretat social, &#8220;per la baixa del regidor Joan Gimeno&#8221; (de la que es va donar compte al punt seg\u00fcent). L&#8217;import de 3.420 euros es destina a:<\/p>\n\n\n\n<ul><li>Incrementar en 420 euros la subvenci\u00f3 de l&#8217;escola Ull de Vent, &#8220;esmenar un error detectat en l&#8217;import previst al pressupost 2026&#8221;.<\/li><li>Dotar amb 3.000 euros la partida del Xec Nad\u00f3. Segons va explicar l&#8217;alcaldessa en funcions, &#8220;durant el 2025 no es va tramitar la subvenci\u00f3 del Xec Nad\u00f3 i incorporant aquests 3000 euros en breu es tramitaran de manera conjunta les subvencions del Xec Nad\u00f3 de l&#8217;any passat i d&#8217;aquest any que corresponen a les fam\u00edlies de nadons que han nascut o han estat adoptats durant l&#8217;exercici 2024 i 2025&#8221;.<\/li><\/ul>\n\n\n\n<p><strong>Punt 5. Donar compte de la ren\u00fancia al c\u00e0rrec de regidor del Sr. Joan Gimeno Guasch, de Comprom\u00eds amb la Bisbal.<\/strong><\/p>\n\n\n\n<p>Podeu ampliar la informaci\u00f3, aqu\u00ed: <a href=\"https:\/\/bisbalpenedes.com\/web\/2026\/02\/12\/el-ple-extraordinari-dona-compte-de-la-renuncia-del-regidor-joan-gimeno-guasch\/\">https:\/\/bisbalpenedes.com\/web\/2026\/02\/12\/el-ple-extraordinari-dona-compte-de-la-renuncia-del-regidor-joan-gimeno-guasch\/<\/a><\/p>\n\n\n\n<hr class=\"wp-block-separator has-alpha-channel-opacity\"\/>\n\n\n\n<h3><strong>El lunes 9 de febrero se celebr\u00f3 un Pleno extraordinario en el Ajuntament de la Bisbal del Pened\u00e8s<\/strong><\/h3>\n\n\n\n<p>El lunes 9 de febrero, a las 19.00 h, se celebr\u00f3 un Pleno extraordinario en el Ajuntament de la Bisbal del Pened\u00e8s.<\/p>\n\n\n\n<p>No asistieron al Pleno Agn\u00e8s Ferr\u00e9, del grupo municipal Comprom\u00eds amb la Bisbal, y Jaume Valls, del grupo municipal La Bisbal Decideix.<\/p>\n\n\n\n<p>Pod\u00e9is ver el v\u00eddeo de la sesi\u00f3n en el siguiente enlace:<br><a href=\"https:\/\/actes.bisbalpenedes.com\/session\/sessionDetail\/8a8180889c6442b5019c66fd42fa0001\">https:\/\/actes.bisbalpenedes.com\/session\/sessionDetail\/8a8180889c6442b5019c66fd42fa0001<\/a><\/p>\n\n\n\n<p>Se trataron los siguientes puntos:<\/p>\n\n\n\n<p><strong>Punto 1. Delegaci\u00f3n de competencia al Consell Comarcal del Baix Pened\u00e8s para la redacci\u00f3n de los Planes Integrales de Gesti\u00f3n de los Sistemas de Saneamiento (PIGSS) de la aglomeraci\u00f3n La Riera de la Bisbal de los sistemas de saneamiento en baja.<\/strong><\/p>\n\n\n\n<p>Se aprob\u00f3 con los votos a favor de Comprom\u00eds amb la Bisbal (4), PSC (1), La Bisbal Decideix (1) y ERC-AM (1) y las abstenciones de Tots som la Bisbal &#8211; Urbanizaciones Unidas (2).<\/p>\n\n\n\n<p>Pod\u00e9is ampliar la informaci\u00f3n aqu\u00ed:<br><a href=\"https:\/\/bisbalpenedes.com\/web\/2026\/02\/13\/la-bisbal-del-penedes-delega-la-competencia-per-a-la-redaccio-dels-plans-integrals-de-gestio-dels-sistemes-de-sanejament-de-laglomeracio-de-la-riera-de-la-bisbal-al-consell-comarcal-del-baix-penedes\/\">https:\/\/bisbalpenedes.com\/web\/2026\/02\/13\/la-bisbal-del-penedes-delega-la-competencia-per-a-la-redaccio-dels-plans-integrals-de-gestio-dels-sistemes-de-sanejament-de-laglomeracio-de-la-riera-de-la-bisbal-al-consell-comarcal-del-baix-penedes\/<\/a><\/p>\n\n\n\n<p><strong>Punto 2. Aprobaci\u00f3n del convenio para el servicio regular interurbano de transporte p\u00fablico de viajeros en el municipio de la Bisbal del Pened\u00e8s.<\/strong><\/p>\n\n\n\n<p>Se aprob\u00f3 por unanimidad de los asistentes.<\/p>\n\n\n\n<p>Pod\u00e9is ampliar la informaci\u00f3n aqu\u00ed:<br><a href=\"https:\/\/bisbalpenedes.com\/web\/2026\/02\/18\/el-ple-aprova-per-unanimitat-el-conveni-per-al-transport-urba-a-la-bisbal-del-penedes\/\">https:\/\/bisbalpenedes.com\/web\/2026\/02\/18\/el-ple-aprova-per-unanimitat-el-conveni-per-al-transport-urba-a-la-bisbal-del-penedes\/<\/a><\/p>\n\n\n\n<p><strong>Punto 3. Aprobaci\u00f3n del reconocimiento extrajudicial de cr\u00e9dito (REC 1).<\/strong><\/p>\n\n\n\n<p>Se aprob\u00f3 con los votos a favor de Comprom\u00eds amb la Bisbal (4) y PSC (1) y los votos en contra de La Bisbal Decideix (1), Tots som la Bisbal &#8211; Urbanizaciones Unidas (2) y ERC-AM (1).<\/p>\n\n\n\n<p>Se aprob\u00f3 el reconocimiento de las obligaciones de gastos indebidamente adquiridos (REC 1) por un importe total de 135.176,12 euros correspondiente a servicios y adquisiciones con \u201cdeficiencias en la tramitaci\u00f3n\u201d, seg\u00fan explic\u00f3 el equipo de gobierno.<\/p>\n\n\n\n<p><strong>Punto 4. Aprobaci\u00f3n inicial del expediente de modificaci\u00f3n de cr\u00e9dito en modalidad de suplemento de cr\u00e9dito 1PLE\/2026.<\/strong><\/p>\n\n\n\n<p>Se aprob\u00f3 por unanimidad de los asistentes.<\/p>\n\n\n\n<p>Se aprob\u00f3 inicialmente una modificaci\u00f3n de cr\u00e9dito por importe de 3.420 euros en la modalidad de suplemento de cr\u00e9dito.<\/p>\n\n\n\n<p>Los fondos proceden de 2.100 euros de la partida de asignaci\u00f3n a grupos pol\u00edticos, ya que seg\u00fan explic\u00f3 la alcaldesa en funciones, Judith Vidal, \u201cel grupo de Comprom\u00eds amb la Bisbal y el PSC renunciamos a este cobro\u201d, y 1.320 euros de seguridad social, \u201cpor la baja del concejal Joan Gimeno\u201d (de la que se dio cuenta en el punto siguiente).<\/p>\n\n\n\n<p>El importe de 3.420 euros se destina a:<\/p>\n\n\n\n<ul><li>Incrementar en 420 euros la subvenci\u00f3n de la Escola Ull de Vent, para \u201csubsanar un error detectado en el importe previsto en el presupuesto 2026\u201d.<\/li><li>Dotar con 3.000 euros la partida del Xec Nad\u00f3. Seg\u00fan explic\u00f3 la alcaldesa en funciones, \u201cdurante 2025 no se tramit\u00f3 la subvenci\u00f3n del Xec Nad\u00f3 e, incorporando estos 3.000 euros, en breve se tramitar\u00e1n conjuntamente las subvenciones del Xec Nad\u00f3 del a\u00f1o pasado y de este a\u00f1o, correspondientes a las familias de beb\u00e9s que han nacido o han sido adoptados durante los ejercicios 2024 y 2025\u201d.<\/li><\/ul>\n\n\n\n<p><strong>Punto 5. Dar cuenta de la renuncia al cargo de concejal del Sr. Joan Gimeno Guasch, de Comprom\u00eds amb la Bisbal.<\/strong><\/p>\n\n\n\n<p>Pod\u00e9is ampliar la informaci\u00f3n aqu\u00ed:<br><a href=\"https:\/\/bisbalpenedes.com\/web\/2026\/02\/12\/el-ple-extraordinari-dona-compte-de-la-renuncia-del-regidor-joan-gimeno-guasch\/\">https:\/\/bisbalpenedes.com\/web\/2026\/02\/12\/el-ple-extraordinari-dona-compte-de-la-renuncia-del-regidor-joan-gimeno-guasch\/<\/a><\/p>\n\n\n\n<p><\/p>\n","protected":false},"excerpt":{"rendered":"<p>El dilluns 9 de febrer, a les 19.00 h, es va celebrar un Ple extraordinari a l\u2019Ajuntament de la Bisbal del Pened\u00e8s. No van assistir al Ple Agn\u00e8s Ferr\u00e9 del &hellip; <a href=\"https:\/\/bisbalpenedes.com\/web\/2026\/02\/26\/el-dilluns-9-de-febrer-es-va-celebrar-un-ple-extraordinari-a-lajuntament-de-la-bisbal-del-penedes\/\" class=\"more-link\">Read More<\/a><\/p>\n","protected":false},"author":4,"featured_media":36516,"comment_status":"closed","ping_status":"closed","sticky":false,"template":"","format":"standard","meta":[],"categories":[8,2251,2250],"tags":[459,393,1374,423],"_links":{"self":[{"href":"https:\/\/bisbalpenedes.com\/web\/wp-json\/wp\/v2\/posts\/36515"}],"collection":[{"href":"https:\/\/bisbalpenedes.com\/web\/wp-json\/wp\/v2\/posts"}],"about":[{"href":"https:\/\/bisbalpenedes.com\/web\/wp-json\/wp\/v2\/types\/post"}],"author":[{"embeddable":true,"href":"https:\/\/bisbalpenedes.com\/web\/wp-json\/wp\/v2\/users\/4"}],"replies":[{"embeddable":true,"href":"https:\/\/bisbalpenedes.com\/web\/wp-json\/wp\/v2\/comments?post=36515"}],"version-history":[{"count":1,"href":"https:\/\/bisbalpenedes.com\/web\/wp-json\/wp\/v2\/posts\/36515\/revisions"}],"predecessor-version":[{"id":36517,"href":"https:\/\/bisbalpenedes.com\/web\/wp-json\/wp\/v2\/posts\/36515\/revisions\/36517"}],"wp:featuredmedia":[{"embeddable":true,"href":"https:\/\/bisbalpenedes.com\/web\/wp-json\/wp\/v2\/media\/36516"}],"wp:attachment":[{"href":"https:\/\/bisbalpenedes.com\/web\/wp-json\/wp\/v2\/media?parent=36515"}],"wp:term":[{"taxonomy":"category","embeddable":true,"href":"https:\/\/bisbalpenedes.com\/web\/wp-json\/wp\/v2\/categories?post=36515"},{"taxonomy":"post_tag","embeddable":true,"href":"https:\/\/bisbalpenedes.com\/web\/wp-json\/wp\/v2\/tags?post=36515"}],"curies":[{"name":"wp","href":"https:\/\/api.w.org\/{rel}","templated":true}]}}