{"id":36498,"date":"2026-02-25T13:47:50","date_gmt":"2026-02-25T11:47:50","guid":{"rendered":"https:\/\/bisbalpenedes.com\/web\/?p=36498"},"modified":"2026-02-25T13:47:51","modified_gmt":"2026-02-25T11:47:51","slug":"larquebisbe-de-tarragona-inicia-la-visita-pastoral-a-la-bisbal-del-penedes","status":"publish","type":"post","link":"https:\/\/bisbalpenedes.com\/web\/2026\/02\/25\/larquebisbe-de-tarragona-inicia-la-visita-pastoral-a-la-bisbal-del-penedes\/","title":{"rendered":"<strong>L\u2019arquebisbe de Tarragona inicia la visita pastoral a La Bisbal del Pened\u00e8s<\/strong>"},"content":{"rendered":"\n<p>Aquest diumenge 22 de febrer ha comen\u00e7at la visita pastoral de l\u2019arquebisbe de Tarragona, Joan Planellas, a La Bisbal del Pened\u00e8s. L\u2019inici de la visita s\u2019ha marcat amb la celebraci\u00f3 de la missa dominical a la parr\u00f2quia de Santa Maria.<\/p>\n\n\n\n<p>Durant les properes setmanes, l\u2019arquebisbe visitar\u00e0 diversos espais i col\u00b7lectius del municipi. Al llarg del mes de mar\u00e7 est\u00e0 previst que es desplaci a l\u2019ermita de la Mare de D\u00e9u de F\u00e0tima i a l\u2019ermita de Santa Cristina, aix\u00ed com que celebri l\u2019eucaristia a la Resid\u00e8ncia El Colomer. Tamb\u00e9 mantindr\u00e0 trobades amb el grup de Vida Creixent i amb el Consell Parroquial.<\/p>\n\n\n\n<p>La visita pastoral culminar\u00e0 el 13 de mar\u00e7 amb una recepci\u00f3 oficial a l\u2019Ajuntament i una trobada amb diverses institucions locals.<\/p>\n\n\n\n<p>La Unitat Pastoral de la que forma part la Bisbal inclou les parr\u00f2quies de Santa Maria de la Bisbal del Pened\u00e8s, Sant Miquel de Marmellar, Sant Miquel del Montmell, Sant Jaume de Sant Jaume dels Domenys, Sant Crist\u00f2fol de Selma-el Pla de Manlleu, Santa Maria de Valldossera, Sant Lloren\u00e7 de Lloren\u00e7 del Pened\u00e8s, Sant Juli\u00e0 de l\u2019Arbo\u00e7 i Santa Eul\u00e0lia de Banyeres del Pened\u00e8s. En total, aquesta Unitat est\u00e0 formada per nou parr\u00f2quies que apleguen trenta-sis llocs de culte.<\/p>\n\n\n\n<hr class=\"wp-block-separator has-alpha-channel-opacity\"\/>\n\n\n\n<h3>El arzobispo de Tarragona inicia la visita pastoral a La Bisbal del Pened\u00e8s<\/h3>\n\n\n\n<p>Este domingo 22 de febrero ha comenzado la visita pastoral del arzobispo de Tarragona, Joan Planellas, a La Bisbal del Pened\u00e8s. El inicio de la visita ha estado marcado por la celebraci\u00f3n de la misa dominical en la parroquia de Santa Maria.<\/p>\n\n\n\n<p>Durante las pr\u00f3ximas semanas, el arzobispo visitar\u00e1 diversos espacios y colectivos del municipio. A lo largo del mes de marzo est\u00e1 previsto que se desplace a la ermita de la Mare de D\u00e9u de F\u00e0tima y a la ermita de Santa Cristina, as\u00ed como que celebre la eucarist\u00eda en la Resid\u00e8ncia El Colomer. Tambi\u00e9n mantendr\u00e1 encuentros con el grupo de Vida Creixent y con el Consell Parroquial.<\/p>\n\n\n\n<p>La visita pastoral culminar\u00e1 el 13 de marzo con una recepci\u00f3n oficial en el Ayuntamiento y un encuentro con diversas instituciones locales.<\/p>\n\n\n\n<p>La Unitat Pastoral de la que forma parte La Bisbal incluye las parroquias de Santa Maria de la Bisbal del Pened\u00e8s, Sant Miquel de Marmellar, Sant Miquel del Montmell, Sant Jaume de Sant Jaume dels Domenys, Sant Crist\u00f2fol de Selma-el Pla de Manlleu, Santa Maria de Valldossera, Sant Lloren\u00e7 de Lloren\u00e7 del Pened\u00e8s, Sant Juli\u00e0 de l\u2019Arbo\u00e7 y Santa Eul\u00e0lia de Banyeres del Pened\u00e8s. En total, esta Unitat est\u00e1 formada por nueve parroquias que agrupan treinta y seis lugares de culto.<\/p>\n\n\n\n<figure class=\"wp-container-2 wp-block-gallery-1 wp-block-gallery has-nested-images columns-default is-cropped\">\n<figure class=\"wp-block-image size-large\"><img loading=\"lazy\" width=\"768\" height=\"1024\" data-id=\"36503\"  src=\"https:\/\/bisbalpenedes.com\/web\/wp-content\/uploads\/2026\/02\/P2221303-768x1024.jpg\" alt=\"\" class=\"wp-image-36503\" srcset=\"https:\/\/bisbalpenedes.com\/web\/wp-content\/uploads\/2026\/02\/P2221303-768x1024.jpg 768w, https:\/\/bisbalpenedes.com\/web\/wp-content\/uploads\/2026\/02\/P2221303-225x300.jpg 225w, https:\/\/bisbalpenedes.com\/web\/wp-content\/uploads\/2026\/02\/P2221303-1152x1536.jpg 1152w, https:\/\/bisbalpenedes.com\/web\/wp-content\/uploads\/2026\/02\/P2221303-1536x2048.jpg 1536w, https:\/\/bisbalpenedes.com\/web\/wp-content\/uploads\/2026\/02\/P2221303-600x800.jpg 600w, https:\/\/bisbalpenedes.com\/web\/wp-content\/uploads\/2026\/02\/P2221303.jpg 1620w\" sizes=\"(max-width: 768px) 100vw, 768px\" \/><\/figure>\n\n\n\n<figure class=\"wp-block-image size-large\"><img loading=\"lazy\" width=\"1024\" height=\"768\" data-id=\"36504\"  src=\"https:\/\/bisbalpenedes.com\/web\/wp-content\/uploads\/2026\/02\/P2221300-1024x768.jpg\" alt=\"\" class=\"wp-image-36504\" srcset=\"https:\/\/bisbalpenedes.com\/web\/wp-content\/uploads\/2026\/02\/P2221300-1024x768.jpg 1024w, https:\/\/bisbalpenedes.com\/web\/wp-content\/uploads\/2026\/02\/P2221300-300x225.jpg 300w, https:\/\/bisbalpenedes.com\/web\/wp-content\/uploads\/2026\/02\/P2221300-768x576.jpg 768w, https:\/\/bisbalpenedes.com\/web\/wp-content\/uploads\/2026\/02\/P2221300-1536x1152.jpg 1536w, https:\/\/bisbalpenedes.com\/web\/wp-content\/uploads\/2026\/02\/P2221300-2048x1536.jpg 2048w, https:\/\/bisbalpenedes.com\/web\/wp-content\/uploads\/2026\/02\/P2221300-600x450.jpg 600w\" sizes=\"(max-width: 1024px) 100vw, 1024px\" \/><\/figure>\n\n\n\n<figure class=\"wp-block-image size-large\"><img loading=\"lazy\" width=\"768\" height=\"1024\" data-id=\"36506\"  src=\"https:\/\/bisbalpenedes.com\/web\/wp-content\/uploads\/2026\/02\/P2221307-768x1024.jpg\" alt=\"\" class=\"wp-image-36506\" srcset=\"https:\/\/bisbalpenedes.com\/web\/wp-content\/uploads\/2026\/02\/P2221307-768x1024.jpg 768w, https:\/\/bisbalpenedes.com\/web\/wp-content\/uploads\/2026\/02\/P2221307-225x300.jpg 225w, https:\/\/bisbalpenedes.com\/web\/wp-content\/uploads\/2026\/02\/P2221307-1152x1536.jpg 1152w, https:\/\/bisbalpenedes.com\/web\/wp-content\/uploads\/2026\/02\/P2221307-1536x2048.jpg 1536w, https:\/\/bisbalpenedes.com\/web\/wp-content\/uploads\/2026\/02\/P2221307-600x800.jpg 600w, https:\/\/bisbalpenedes.com\/web\/wp-content\/uploads\/2026\/02\/P2221307.jpg 1620w\" sizes=\"(max-width: 768px) 100vw, 768px\" \/><\/figure>\n\n\n\n<figure class=\"wp-block-image size-large\"><img loading=\"lazy\" width=\"1024\" height=\"768\" data-id=\"36502\"  src=\"https:\/\/bisbalpenedes.com\/web\/wp-content\/uploads\/2026\/02\/P2221318-1024x768.jpg\" alt=\"\" class=\"wp-image-36502\" srcset=\"https:\/\/bisbalpenedes.com\/web\/wp-content\/uploads\/2026\/02\/P2221318-1024x768.jpg 1024w, https:\/\/bisbalpenedes.com\/web\/wp-content\/uploads\/2026\/02\/P2221318-300x225.jpg 300w, https:\/\/bisbalpenedes.com\/web\/wp-content\/uploads\/2026\/02\/P2221318-768x576.jpg 768w, https:\/\/bisbalpenedes.com\/web\/wp-content\/uploads\/2026\/02\/P2221318-1536x1152.jpg 1536w, https:\/\/bisbalpenedes.com\/web\/wp-content\/uploads\/2026\/02\/P2221318-2048x1536.jpg 2048w, https:\/\/bisbalpenedes.com\/web\/wp-content\/uploads\/2026\/02\/P2221318-600x450.jpg 600w\" sizes=\"(max-width: 1024px) 100vw, 1024px\" \/><\/figure>\n\n\n\n<figure class=\"wp-block-image size-large\"><img loading=\"lazy\" width=\"1024\" height=\"768\" data-id=\"36505\"  src=\"https:\/\/bisbalpenedes.com\/web\/wp-content\/uploads\/2026\/02\/P2221309-1024x768.jpg\" alt=\"\" class=\"wp-image-36505\" srcset=\"https:\/\/bisbalpenedes.com\/web\/wp-content\/uploads\/2026\/02\/P2221309-1024x768.jpg 1024w, https:\/\/bisbalpenedes.com\/web\/wp-content\/uploads\/2026\/02\/P2221309-300x225.jpg 300w, https:\/\/bisbalpenedes.com\/web\/wp-content\/uploads\/2026\/02\/P2221309-768x576.jpg 768w, https:\/\/bisbalpenedes.com\/web\/wp-content\/uploads\/2026\/02\/P2221309-1536x1152.jpg 1536w, https:\/\/bisbalpenedes.com\/web\/wp-content\/uploads\/2026\/02\/P2221309-2048x1536.jpg 2048w, https:\/\/bisbalpenedes.com\/web\/wp-content\/uploads\/2026\/02\/P2221309-600x450.jpg 600w\" sizes=\"(max-width: 1024px) 100vw, 1024px\" \/><\/figure>\n<\/figure>\n","protected":false},"excerpt":{"rendered":"<p>Aquest diumenge 22 de febrer ha comen\u00e7at la visita pastoral de l\u2019arquebisbe de Tarragona, Joan Planellas, a La Bisbal del Pened\u00e8s. L\u2019inici de la visita s\u2019ha marcat amb la celebraci\u00f3 &hellip; <a href=\"https:\/\/bisbalpenedes.com\/web\/2026\/02\/25\/larquebisbe-de-tarragona-inicia-la-visita-pastoral-a-la-bisbal-del-penedes\/\" class=\"more-link\">Read More<\/a><\/p>\n","protected":false},"author":4,"featured_media":36501,"comment_status":"closed","ping_status":"closed","sticky":false,"template":"","format":"standard","meta":[],"categories":[2057,8],"tags":[7370,459,7371,393,1374],"_links":{"self":[{"href":"https:\/\/bisbalpenedes.com\/web\/wp-json\/wp\/v2\/posts\/36498"}],"collection":[{"href":"https:\/\/bisbalpenedes.com\/web\/wp-json\/wp\/v2\/posts"}],"about":[{"href":"https:\/\/bisbalpenedes.com\/web\/wp-json\/wp\/v2\/types\/post"}],"author":[{"embeddable":true,"href":"https:\/\/bisbalpenedes.com\/web\/wp-json\/wp\/v2\/users\/4"}],"replies":[{"embeddable":true,"href":"https:\/\/bisbalpenedes.com\/web\/wp-json\/wp\/v2\/comments?post=36498"}],"version-history":[{"count":1,"href":"https:\/\/bisbalpenedes.com\/web\/wp-json\/wp\/v2\/posts\/36498\/revisions"}],"predecessor-version":[{"id":36507,"href":"https:\/\/bisbalpenedes.com\/web\/wp-json\/wp\/v2\/posts\/36498\/revisions\/36507"}],"wp:featuredmedia":[{"embeddable":true,"href":"https:\/\/bisbalpenedes.com\/web\/wp-json\/wp\/v2\/media\/36501"}],"wp:attachment":[{"href":"https:\/\/bisbalpenedes.com\/web\/wp-json\/wp\/v2\/media?parent=36498"}],"wp:term":[{"taxonomy":"category","embeddable":true,"href":"https:\/\/bisbalpenedes.com\/web\/wp-json\/wp\/v2\/categories?post=36498"},{"taxonomy":"post_tag","embeddable":true,"href":"https:\/\/bisbalpenedes.com\/web\/wp-json\/wp\/v2\/tags?post=36498"}],"curies":[{"name":"wp","href":"https:\/\/api.w.org\/{rel}","templated":true}]}}