{"id":36489,"date":"2026-02-27T09:00:00","date_gmt":"2026-02-27T07:00:00","guid":{"rendered":"https:\/\/bisbalpenedes.com\/web\/?p=36489"},"modified":"2026-02-25T13:49:27","modified_gmt":"2026-02-25T11:49:27","slug":"dia-mundial-malalties-minoritaries-bisbal-penedes","status":"publish","type":"post","link":"https:\/\/bisbalpenedes.com\/web\/2026\/02\/27\/dia-mundial-malalties-minoritaries-bisbal-penedes\/","title":{"rendered":"La Bisbal del Pened\u00e8s se suma al Dia Mundial de les Malalties Minorit\u00e0ries amb la il\u00b7luminaci\u00f3 de la Casa de la Vila dem\u00e0 al vespre"},"content":{"rendered":"\n<p>Aquest 28 de febrer se celebra el Dia Mundial de les Malalties Minorit\u00e0ries, una jornada promoguda per l\u2019Organitzaci\u00f3 Europea de Malalties Minorit\u00e0ries (EURORDIS) amb l\u2019objectiu de donar a con\u00e8ixer les malalties rares i posicionar-les com una prioritat social i sanit\u00e0ria.<\/p>\n\n\n\n<p>Les malalties minorit\u00e0ries s\u00f3n greus i poc freq\u00fcents, i afecten 5 de cada 10.000 persones. Se n\u2019han identificat m\u00e9s de 7.000, un 80% de les quals s\u00f3n d\u2019origen gen\u00e8tic. Generalment impliquen diversos \u00f2rgans i poden afectar les capacitats f\u00edsiques, les habilitats mentals i les qualitats sensorials i de comportament de les persones afectades. Poden apar\u00e8ixer des del naixement o la infantesa, tot i que algunes no es manifesten fins a l\u2019edat adulta.<\/p>\n\n\n\n<p>Amb motiu d\u2019aquesta commemoraci\u00f3, l\u2019Ajuntament de la Bisbal del Pened\u00e8s il\u00b7luminar\u00e0 de color verd la fa\u00e7ana de la Casa de la Vila, com a mostra de suport i sensibilitzaci\u00f3 envers les persones que conviuen amb aquestes patologies i les seves fam\u00edlies.<\/p>\n\n\n\n<p>Per a m\u00e9s informaci\u00f3, podeu consultar el Canal Salut de la Generalitat de Catalunya: <a href=\"https:\/\/canalsalut.gencat.cat\/ca\/actualitat\/dies-mundials\/malalties-minoritaries\/\">https:\/\/canalsalut.gencat.cat\/ca\/actualitat\/dies-mundials\/malalties-minoritaries\/<\/a><\/p>\n\n\n\n<hr class=\"wp-block-separator has-alpha-channel-opacity\"\/>\n\n\n\n<h3>La Bisbal del Pened\u00e8s se suma al D\u00eda Mundial de las Enfermedades Raras con la iluminac\u00f3n de la Casa de la Vila ma\u00f1ana al anochecer <\/h3>\n\n\n\n<p>Este 28 de febrero se celebra el D\u00eda Mundial de las Enfermedades Raras (o minoritarias), una jornada promovida por la Organizaci\u00f3n Europea de Enfermedades Raras (EURORDIS) con el objetivo de dar a conocer las enfermedades raras y posicionarlas como una prioridad social y sanitaria.<\/p>\n\n\n\n<p>Las enfermedades raras son graves y poco frecuentes, y afectan a 5 de cada 10.000 personas. Se han identificado m\u00e1s de 7.000, un 80% de las cuales son de origen gen\u00e9tico. Generalmente implican a diversos \u00f3rganos y pueden afectar a las capacidades f\u00edsicas, las habilidades mentales y las cualidades sensoriales y de comportamiento de las personas afectadas. Pueden aparecer desde el nacimiento o la infancia, aunque algunas no se manifiestan hasta la edad adulta.<\/p>\n\n\n\n<p>Con motivo de esta conmemoraci\u00f3n, el Ajuntament de la Bisbal del Pened\u00e8s iluminar\u00e1 de color verde la fachada de la Casa de la Vila ma\u00f1ana al anochecer, como muestra de apoyo y sensibilizaci\u00f3n hacia las personas que conviven con estas patolog\u00edas y sus familias.<\/p>\n\n\n\n<p>Para m\u00e1s informaci\u00f3n, puede consultarse el Canal Salut de la Generalitat de Catalunya:<br><a href=\"https:\/\/canalsalut.gencat.cat\/ca\/actualitat\/dies-mundials\/malalties-minoritaries\/\">https:\/\/canalsalut.gencat.cat\/ca\/actualitat\/dies-mundials\/malalties-minoritaries\/<\/a><\/p>\n","protected":false},"excerpt":{"rendered":"<p>Aquest 28 de febrer se celebra el Dia Mundial de les Malalties Minorit\u00e0ries, una jornada promoguda per l\u2019Organitzaci\u00f3 Europea de Malalties Minorit\u00e0ries (EURORDIS) amb l\u2019objectiu de donar a con\u00e8ixer les &hellip; <a href=\"https:\/\/bisbalpenedes.com\/web\/2026\/02\/27\/dia-mundial-malalties-minoritaries-bisbal-penedes\/\" class=\"more-link\">Read More<\/a><\/p>\n","protected":false},"author":4,"featured_media":36490,"comment_status":"closed","ping_status":"closed","sticky":false,"template":"","format":"standard","meta":[],"categories":[2402,8,14],"tags":[459,5019,393,3331,1374],"_links":{"self":[{"href":"https:\/\/bisbalpenedes.com\/web\/wp-json\/wp\/v2\/posts\/36489"}],"collection":[{"href":"https:\/\/bisbalpenedes.com\/web\/wp-json\/wp\/v2\/posts"}],"about":[{"href":"https:\/\/bisbalpenedes.com\/web\/wp-json\/wp\/v2\/types\/post"}],"author":[{"embeddable":true,"href":"https:\/\/bisbalpenedes.com\/web\/wp-json\/wp\/v2\/users\/4"}],"replies":[{"embeddable":true,"href":"https:\/\/bisbalpenedes.com\/web\/wp-json\/wp\/v2\/comments?post=36489"}],"version-history":[{"count":5,"href":"https:\/\/bisbalpenedes.com\/web\/wp-json\/wp\/v2\/posts\/36489\/revisions"}],"predecessor-version":[{"id":36508,"href":"https:\/\/bisbalpenedes.com\/web\/wp-json\/wp\/v2\/posts\/36489\/revisions\/36508"}],"wp:featuredmedia":[{"embeddable":true,"href":"https:\/\/bisbalpenedes.com\/web\/wp-json\/wp\/v2\/media\/36490"}],"wp:attachment":[{"href":"https:\/\/bisbalpenedes.com\/web\/wp-json\/wp\/v2\/media?parent=36489"}],"wp:term":[{"taxonomy":"category","embeddable":true,"href":"https:\/\/bisbalpenedes.com\/web\/wp-json\/wp\/v2\/categories?post=36489"},{"taxonomy":"post_tag","embeddable":true,"href":"https:\/\/bisbalpenedes.com\/web\/wp-json\/wp\/v2\/tags?post=36489"}],"curies":[{"name":"wp","href":"https:\/\/api.w.org\/{rel}","templated":true}]}}