{"id":36458,"date":"2026-02-23T19:53:12","date_gmt":"2026-02-23T17:53:12","guid":{"rendered":"https:\/\/bisbalpenedes.com\/web\/?p=36458"},"modified":"2026-02-23T19:53:14","modified_gmt":"2026-02-23T17:53:14","slug":"el-cmc-acull-el-cicle-de-muntanya-2026-de-la-diputacio-de-tarragona-amb-la-projeccio-de-via-sedna","status":"publish","type":"post","link":"https:\/\/bisbalpenedes.com\/web\/2026\/02\/23\/el-cmc-acull-el-cicle-de-muntanya-2026-de-la-diputacio-de-tarragona-amb-la-projeccio-de-via-sedna\/","title":{"rendered":"<strong>El CMC acull el Cicle de Muntanya 2026 de la Diputaci\u00f3 de Tarragona amb la projecci\u00f3 de \u201cVia Sedna\u201d<\/strong>"},"content":{"rendered":"\n<p>El divendres 27 de febrer, a les 19 h, el Centre Municipal de Cultura (Pla\u00e7a Major, 11-13) acollir\u00e0 una nova sessi\u00f3 del Cicle de Muntanya 2026 de la <em>Diputaci\u00f3 de Tarragona<\/em>, que se celebra sota el lema <em>\u201cLa for\u00e7a del paisatge\u201d<\/em> i combina projeccions de cinema de muntanya amb una programaci\u00f3 diversa de confer\u00e8ncies i xerrades a l&#8217;Auditori Diputaci\u00f3 de Tarragona, a Reus, Montblanc, Tortosa i a la Bisbal.<\/p>\n\n\n\n<p>En el marc de la 19a edici\u00f3 del cicle, la Bisbal acollir\u00e0 la projecci\u00f3 gratu\u00efta de <strong><em>Via Sedna&nbsp;<\/em><\/strong>(\u00c0ustria, 2024), un documental de<strong>&nbsp;<\/strong><strong>Ramona Waldner<\/strong>&nbsp;sobre la Caro North i la Marta Guemes, dues dones que van salpar de La Rochelle amb un equip \u00edntegrament femen\u00ed format per tres escaladores, quatre marineres i una cineasta per travessar el mar \u00c0rtic fins a Groenl\u00e0ndia i intentar la primera ascensi\u00f3 d\u2019un Big Wall. Durant aquest viatge Sedna, la deesa inuit dels mars, posar\u00e0 l\u2019equip a prova. Es tracta d\u2019una hist\u00f2ria de paci\u00e8ncia, determinaci\u00f3 i confian\u00e7a amb una forta complicitat femenina i gestes extraordin\u00e0ries on mai es perd el sentit de l\u2019humor. Aquest documental ha rebut el Premi FEEC i Flor de Neu de Plata a la Millor Fotografia \u2013 Festival BBVA de Cinema de Muntanya de Torell\u00f3 2024, el Premi Especial del Jurat-Tegernsee International Mountain Film Festival d\u2019Alemanya 2024 i ha estat nominada al Piolet d\u2019Or 2023.<\/p>\n\n\n\n<p>El Cicle de Muntanya 2026 \u00e9s la cita anual de refer\u00e8ncia per als amants de l&#8217;alpinisme i l&#8217;escalada. La traject\u00f2ria de l&#8217;esdeveniment evidencia que, m\u00e9s enll\u00e0 de la preparaci\u00f3 f\u00edsica que cal per superar les activitats d&#8217;alta muntanya, l&#8217;escalada o l&#8217;espeleologia, cal una motivaci\u00f3 mental per superar aquest repte. &nbsp;Les sessions ofereixen una visi\u00f3 que travessa l\u2019esport, la fotografia, la narrativa audiovisual i l\u2019experi\u00e8ncia vital de persones que es mouen entre cims i paisatges que captiven. Per a m\u00e9s informaci\u00f3 sobre el cicle podeu accedir a l&#8217;enlla\u00e7: <a href=\"https:\/\/www.dipta.cat\/ciclemuntanya\">https:\/\/www.dipta.cat\/ciclemuntanya<\/a><\/p>\n\n\n\n<hr class=\"wp-block-separator has-alpha-channel-opacity\"\/>\n\n\n\n<h2><strong>El CMC acoge el Cicle de Muntanya 2026 de la Diputaci\u00f3 de Tarragona con la proyecci\u00f3n de \u201cVia Sedna\u201d<\/strong><\/h2>\n\n\n\n<p>El viernes 27 de febrero, a las 19 h, el Centre Municipal de Cultura (Pla\u00e7a Major, 11-13) acoger\u00e1 una nueva sesi\u00f3n del Cicle de Muntanya 2026 de la Diputaci\u00f3 de Tarragona, que se celebra bajo el lema \u201cLa for\u00e7a del paisatge\u201d y combina proyecciones de cine de monta\u00f1a con una programaci\u00f3n diversa de conferencias y charlas en el Auditori Diputaci\u00f3 de Tarragona, en Reus, Montblanc, Tortosa y en la Bisbal.<\/p>\n\n\n\n<p>En el marco de la 19\u00aa edici\u00f3n del ciclo, la Bisbal acoger\u00e1 la proyecci\u00f3n gratuita de <em>Via Sedna<\/em> (Austria, 2024), un documental de Ramona Waldner sobre Caro North y Marta Guemes, dos mujeres que zarparon de La Rochelle con un equipo \u00edntegramente femenino formado por tres escaladoras, cuatro marineras y una cineasta para atravesar el mar \u00c1rtico hasta Groenlandia e intentar la primera ascensi\u00f3n de un Big Wall. Durante este viaje, Sedna, la diosa inuit de los mares, pondr\u00e1 al equipo a prueba. Se trata de una historia de paciencia, determinaci\u00f3n y confianza, con una fuerte complicidad femenina y gestas extraordinarias en las que nunca se pierde el sentido del humor. Este documental ha recibido el Premi FEEC y Flor de Neu de Plata a la Mejor Fotograf\u00eda \u2013 Festival BBVA de Cinema de Muntanya de Torell\u00f3 2024, el Premio Especial del Jurado-Tegernsee International Mountain Film Festival de Alemania 2024 y ha sido nominada al Piolet d\u2019Or 2023.<\/p>\n\n\n\n<p>El Cicle de Muntanya 2026 es la cita anual de referencia para los amantes del alpinismo y la escalada. La trayectoria del evento evidencia que, m\u00e1s all\u00e1 de la preparaci\u00f3n f\u00edsica necesaria para afrontar actividades de alta monta\u00f1a, la escalada o la espeleolog\u00eda, es imprescindible una motivaci\u00f3n mental para superar el reto. Las sesiones ofrecen una visi\u00f3n que atraviesa el deporte, la fotograf\u00eda, la narrativa audiovisual y la experiencia vital de personas que se mueven entre cumbres y paisajes que cautivan. Para m\u00e1s informaci\u00f3n sobre el ciclo pod\u00e9is acceder al enlace: <a href=\"https:\/\/www.dipta.cat\/ciclemuntanya\">https:\/\/www.dipta.cat\/ciclemuntanya<\/a><\/p>\n","protected":false},"excerpt":{"rendered":"<p>El divendres 27 de febrer, a les 19 h, el Centre Municipal de Cultura (Pla\u00e7a Major, 11-13) acollir\u00e0 una nova sessi\u00f3 del Cicle de Muntanya 2026 de la Diputaci\u00f3 de &hellip; <a href=\"https:\/\/bisbalpenedes.com\/web\/2026\/02\/23\/el-cmc-acull-el-cicle-de-muntanya-2026-de-la-diputacio-de-tarragona-amb-la-projeccio-de-via-sedna\/\" class=\"more-link\">Read More<\/a><\/p>\n","protected":false},"author":4,"featured_media":36459,"comment_status":"closed","ping_status":"closed","sticky":false,"template":"","format":"standard","meta":[],"categories":[19,8],"tags":[3330,673,393,7365],"_links":{"self":[{"href":"https:\/\/bisbalpenedes.com\/web\/wp-json\/wp\/v2\/posts\/36458"}],"collection":[{"href":"https:\/\/bisbalpenedes.com\/web\/wp-json\/wp\/v2\/posts"}],"about":[{"href":"https:\/\/bisbalpenedes.com\/web\/wp-json\/wp\/v2\/types\/post"}],"author":[{"embeddable":true,"href":"https:\/\/bisbalpenedes.com\/web\/wp-json\/wp\/v2\/users\/4"}],"replies":[{"embeddable":true,"href":"https:\/\/bisbalpenedes.com\/web\/wp-json\/wp\/v2\/comments?post=36458"}],"version-history":[{"count":1,"href":"https:\/\/bisbalpenedes.com\/web\/wp-json\/wp\/v2\/posts\/36458\/revisions"}],"predecessor-version":[{"id":36460,"href":"https:\/\/bisbalpenedes.com\/web\/wp-json\/wp\/v2\/posts\/36458\/revisions\/36460"}],"wp:featuredmedia":[{"embeddable":true,"href":"https:\/\/bisbalpenedes.com\/web\/wp-json\/wp\/v2\/media\/36459"}],"wp:attachment":[{"href":"https:\/\/bisbalpenedes.com\/web\/wp-json\/wp\/v2\/media?parent=36458"}],"wp:term":[{"taxonomy":"category","embeddable":true,"href":"https:\/\/bisbalpenedes.com\/web\/wp-json\/wp\/v2\/categories?post=36458"},{"taxonomy":"post_tag","embeddable":true,"href":"https:\/\/bisbalpenedes.com\/web\/wp-json\/wp\/v2\/tags?post=36458"}],"curies":[{"name":"wp","href":"https:\/\/api.w.org\/{rel}","templated":true}]}}