{"id":36453,"date":"2026-02-20T14:40:28","date_gmt":"2026-02-20T12:40:28","guid":{"rendered":"https:\/\/bisbalpenedes.com\/web\/?p=36453"},"modified":"2026-02-20T14:40:29","modified_gmt":"2026-02-20T12:40:29","slug":"el-dimarts-23-de-desembre-a-la-tarda-es-va-celebrar-un-ple-extraordinari-a-lajuntament-de-la-bisbal-del-penedes","status":"publish","type":"post","link":"https:\/\/bisbalpenedes.com\/web\/2026\/02\/20\/el-dimarts-23-de-desembre-a-la-tarda-es-va-celebrar-un-ple-extraordinari-a-lajuntament-de-la-bisbal-del-penedes\/","title":{"rendered":"El dimarts 23 de desembre a la tarda es va celebrar un Ple extraordinari a l&#8217;Ajuntament de la Bisbal del Pened\u00e8s"},"content":{"rendered":"\n<p>El dimarts 23 de desembre, a les 19.30 h, es va celebrar un Ple extraordinari de l\u2019Ajuntament de la Bisbal del Pened\u00e8s.<\/p>\n\n\n\n<p>A l&#8217;inici del Ple es va excusar l&#8217;assist\u00e8ncia d&#8217;Agn\u00e8s Ferr\u00e9, del grup municipal Comprom\u00eds amb la Bisbal.<\/p>\n\n\n\n<p>Podeu veure el v\u00eddeo de la sessi\u00f3, aqu\u00ed: <a href=\"https:\/\/actes.bisbalpenedes.com\/session\/sessionDetail\/8a8180889b1fd28c019b35eaeddb0003\">https:\/\/actes.bisbalpenedes.com\/session\/sessionDetail\/8a8180889b1fd28c019b35eaeddb0003<\/a><\/p>\n\n\n\n<p>S\u2019hi van tractar els punts seg\u00fcents:<\/p>\n\n\n\n<p><strong>Punt 1. Expedient 533\/2025. Modificaci\u00f3 del Pla estrat\u00e8gic de subvencions 2025\u20132027.<\/strong><\/p>\n\n\n\n<p>Es va aprovar amb els vots a favor de Comprom\u00eds amb la Bisbal (4), PSC (1) i ERC-AM (1), els vots en contra de Tots som la Bisbal-Urbanizaciones Unidas (2) i les abstencions de La Bisbal Decideix (2).<\/p>\n\n\n\n<p>Es proposava aprovar la modificaci\u00f3 del Pla estrat\u00e8gic de subvencions de l\u2019Ajuntament per al per\u00edode 2025\u20132027, aprovat inicialment en el Ple del 17 de mar\u00e7 de 2025, amb la incorporaci\u00f3 de dues subvencions nominatives:<\/p>\n\n\n\n<ul><li>Una subvenci\u00f3 nominativa de 6.000 euros a l\u2019Arquebisbat de Tarragona per a la Parr\u00f2quia de Santa Maria, destinada a l\u2019arranjament de defici\u00e8ncies del rellotge del campanar, amb l&#8217;objectiu de recuperar el toc de les hores, el toc de festa i altres tocs tradicionals. A executar durant el 2026.<\/li><li>Una modificaci\u00f3 de la subvenci\u00f3 nominativa a l\u2019Escola Ull de Vent per donar suport a les activitats educatives, especialment les vinculades a la promoci\u00f3 de la cultura i la lectura dins l\u2019\u00e0mbit escolar, a trav\u00e9s del projecte Evaludens. L\u2019import \u00e9s de 9.000 euros per any, per als anys 2025, 2026 i 2027.<\/li><\/ul>\n\n\n\n<p><strong>Punt 2. Expedient 1179\/2024. Inadmissi\u00f3 a tr\u00e0mit del recurs de reposici\u00f3 contra l\u2019acord d\u2019aprovaci\u00f3 de l\u2019ordenan\u00e7a fiscal de la taxa del servei de recollida de residus.<\/strong><\/p>\n\n\n\n<p>Abans de l&#8217;inici del segon punt de l&#8217;ordre del dia, el regidor Jaume Valls (La Bisbal Decideix) va excusar la seva assist\u00e8ncia i va abandonar la sessi\u00f3.<\/p>\n\n\n\n<p>Es va aprovar la inadmissi\u00f3 a tr\u00e0mit del recurs de reposici\u00f3 contra l&#8217;acord d&#8217;aprovaci\u00f3 de l&#8217;ordenan\u00e7a fiscal de la taxa del servei de recollida de residus amb els vots a favor de Comprom\u00eds amb la Bisbal (4) i PSC (1) i els vots en contra de Tots som la Bisbal-Urbanizaciones Unidas (2), La Bisbal Decideix (1) i ERC (1).<\/p>\n\n\n\n<p>Es proposava inadmetre el recurs de reposici\u00f3 presentat el 18 de juliol de 2025 contra l\u2019acord de Ple d\u2019aprovaci\u00f3 provisional de la modificaci\u00f3 de l&#8217;ordenan\u00e7a fiscal reguladora del servei de recollida de residus dom\u00e8stics i comercials per exercici 2025.<\/p>\n\n\n\n<p>L\u2019ordenan\u00e7a fiscal -amb la modificaci\u00f3- estava aprovada definitivament des del 20 de maig de 2025 i la seva entrada en vigor estava prevista per a l&#8217;1 de gener de 2026. Dins el termini establert -del 19 de novembre de 2024 al 3 de gener de 2025- es &nbsp;van presentar al\u00b7legacions en la forma escaients. Aquestes van ser&nbsp; desestimades per acord del ple de data 29 de d&#8217;abril de 2025. El mateix acord plenari va inadmetre les al\u00b7legacions que s&#8217;havien presentat fora del termini.&nbsp;<\/p>\n\n\n\n<p>El recurs de reposici\u00f3 contra l&#8217;acord del Ple del 7 de novembre de 2024 presentat el 18 de juliol de 2025 sol\u00b7licitava la suspensi\u00f3 cautelar de l\u2019aplicaci\u00f3 de la nova taxa fins a la resoluci\u00f3 del recurs. Els motius resumits de la impugnaci\u00f3 de les persones interessades, segons l&#8217;esborrany de l&#8217;acta del Ple, s\u00f3n:<\/p>\n\n\n\n<ul><li>Desproporci\u00f3 de l&#8217;increment<\/li><li>Criteris de repartiment injusts<\/li><li>Inadequaci\u00f3 del sistema porta a porta<\/li><li>Aplicaci\u00f3 accelerada sense justificaci\u00f3<\/li><li>Falta de transpar\u00e8ncia i de publicaci\u00f3 oficial completa<\/li><\/ul>\n\n\n\n<p>L\u2019informe de la tresoreria municipal proposava la inadmissi\u00f3 del recurs pels motius seg\u00fcents:<\/p>\n\n\n\n<p>1.-S&#8217;interposa contra un acte de tr\u00e0mit no recurrible.<\/p>\n\n\n\n<p>2.-Es presenta quan l&#8217;acte provisional ja ha estat superat per l&#8217;acord definitiu, mancant d&#8217;objecte.<\/p>\n\n\n\n<p>3.-Resulta manifestament extemporani.<\/p>\n\n\n\n<p>4.-No s&#8217;adre\u00e7a contra l&#8217;\u00fanic acte susceptible d&#8217;impugnaci\u00f3 en aquell moment. En conseq\u00fc\u00e8ncia, procedeix la seva inadmissi\u00f3 sense entrar en el fons de l&#8217;assumpte.<\/p>\n\n\n\n<hr class=\"wp-block-separator has-alpha-channel-opacity\"\/>\n\n\n\n<h3>El martes 23 de diciembre por la tarde se celebr\u00f3 un Pleno Extraordinario en el Ajuntament de la Bisbal del Pened\u00e8s<\/h3>\n\n\n\n<p>El martes 23 de diciembre, a las 19.30 h, se celebr\u00f3 un Pleno extraordinario del Ajuntament de la Bisbal del Pened\u00e8s.<\/p>\n\n\n\n<p>Al inicio del Pleno se excus\u00f3 la asistencia de Agn\u00e8s Ferr\u00e9, del grupo municipal Comprom\u00eds amb la Bisbal.<\/p>\n\n\n\n<p>Pod\u00e9is ver el v\u00eddeo de la sesi\u00f3n aqu\u00ed:<br><a href=\"https:\/\/actes.bisbalpenedes.com\/session\/sessionDetail\/8a8180889b1fd28c019b35eaeddb0003\">https:\/\/actes.bisbalpenedes.com\/session\/sessionDetail\/8a8180889b1fd28c019b35eaeddb0003<\/a><\/p>\n\n\n\n<p>Se trataron los siguientes puntos:<\/p>\n\n\n\n<p><strong>Punto 1. Expediente 533\/2025. Modificaci\u00f3n del Plan estrat\u00e9gico de subvenciones 2025\u20132027.<\/strong><\/p>\n\n\n\n<p>Se aprob\u00f3 con los votos a favor de Comprom\u00eds amb la Bisbal (4), PSC (1) y ERC-AM (1), los votos en contra de Tots som la Bisbal-Urbanizaciones Unidas (2) y las abstenciones de La Bisbal Decideix (2).<\/p>\n\n\n\n<p>Se propon\u00eda aprobar la modificaci\u00f3n del Plan estrat\u00e9gico de subvenciones del Ayuntamiento para el per\u00edodo 2025\u20132027, aprobado inicialmente en el Pleno del 17 de marzo de 2025, con la incorporaci\u00f3n de dos subvenciones nominativas:<\/p>\n\n\n\n<ul><li>Una subvenci\u00f3n nominativa de 6.000 euros al Arzobispado de Tarragona para la Parroquia de Santa Maria, destinada a la reparaci\u00f3n de deficiencias en el reloj del campanario, con el objetivo de recuperar el toque de las horas, el toque de fiesta y otros toques tradicionales. A ejecutar durante 2026.<\/li><li>Una modificaci\u00f3n de la subvenci\u00f3n nominativa a la Escola Ull de Vent para dar apoyo a las actividades educativas, especialmente las vinculadas a la promoci\u00f3n de la cultura y la lectura en el \u00e1mbito escolar, a trav\u00e9s del proyecto Evaludens. El importe es de 9.000 euros por a\u00f1o, para los a\u00f1os 2025, 2026 y 2027.<\/li><\/ul>\n\n\n\n<p><strong>Punto 2. Expediente 1179\/2024. Inadmisi\u00f3n a tr\u00e1mite del recurso de reposici\u00f3n contra el acuerdo de aprobaci\u00f3n de la ordenanza fiscal de la tasa del servicio de recogida de residuos.<\/strong><\/p>\n\n\n\n<p>Antes del inicio del segundo punto del orden del d\u00eda, el concejal Jaume Valls (La Bisbal Decideix) excus\u00f3 su asistencia y abandon\u00f3 la sesi\u00f3n.<\/p>\n\n\n\n<p>Se aprob\u00f3 la inadmisi\u00f3n a tr\u00e1mite del recurso de reposici\u00f3n contra el acuerdo de aprobaci\u00f3n de la ordenanza fiscal de la tasa del servicio de recogida de residuos con los votos a favor de Comprom\u00eds amb la Bisbal (4) y PSC (1) y los votos en contra de Tots som la Bisbal-Urbanizaciones Unidas (2), La Bisbal Decideix (1) y ERC (1).<\/p>\n\n\n\n<p>Se propon\u00eda inadmitir el recurso de reposici\u00f3n presentado el 18 de julio de 2025 contra el acuerdo de Pleno de aprobaci\u00f3n provisional de la modificaci\u00f3n de la ordenanza fiscal reguladora del servicio de recogida de residuos dom\u00e9sticos y comerciales para el ejercicio 2025.<\/p>\n\n\n\n<p>La ordenanza fiscal \u2014con la modificaci\u00f3n\u2014 estaba aprobada definitivamente desde el 20 de mayo de 2025 y su entrada en vigor estaba prevista para el 1 de enero de 2026. Dentro del plazo establecido -del 19 de noviembre de 2024 al 3 de enero de 2025- se presentaron alegaciones en la forma correspondiente. Estas fueron desestimadas por acuerdo del Pleno de fecha 29 de abril de 2025. El mismo acuerdo plenario inadmiti\u00f3 las alegaciones presentadas fuera de plazo.<\/p>\n\n\n\n<p>El recurso de reposici\u00f3n contra el acuerdo del Pleno del 7 de noviembre de 2024, presentado el 18 de julio de 2025, solicitaba la suspensi\u00f3n cautelar de la aplicaci\u00f3n de la nueva tasa hasta la resoluci\u00f3n del recurso. Los motivos resumidos de la impugnaci\u00f3n de las personas interesadas, seg\u00fan el borrador del acta del Pleno, son:<\/p>\n\n\n\n<ul><li>Desproporci\u00f3n del incremento<\/li><li>Criterios de reparto injustos<\/li><li>Inadecuaci\u00f3n del sistema puerta a puerta<\/li><li>Aplicaci\u00f3n acelerada sin justificaci\u00f3n<\/li><li>Falta de transparencia y de publicaci\u00f3n oficial completa<\/li><\/ul>\n\n\n\n<p>El informe de la tesorer\u00eda municipal propon\u00eda la inadmisi\u00f3n del recurso por los siguientes motivos:<\/p>\n\n\n\n<p>1.-Se interpone contra un acto de tr\u00e1mite no recurrible.<\/p>\n\n\n\n<p>2.-Se presenta cuando el acto provisional ya ha sido superado por el acuerdo definitivo, careciendo de objeto.<\/p>\n\n\n\n<p>3.-Resulta manifiestamente extempor\u00e1neo.<\/p>\n\n\n\n<p>4.-No se dirige contra el \u00fanico acto susceptible de impugnaci\u00f3n en aquel momento. En consecuencia, procede su inadmisi\u00f3n sin entrar en el fondo del asunto.<\/p>\n","protected":false},"excerpt":{"rendered":"<p>El dimarts 23 de desembre, a les 19.30 h, es va celebrar un Ple extraordinari de l\u2019Ajuntament de la Bisbal del Pened\u00e8s. A l&#8217;inici del Ple es va excusar l&#8217;assist\u00e8ncia &hellip; <a href=\"https:\/\/bisbalpenedes.com\/web\/2026\/02\/20\/el-dimarts-23-de-desembre-a-la-tarda-es-va-celebrar-un-ple-extraordinari-a-lajuntament-de-la-bisbal-del-penedes\/\" class=\"more-link\">Read More<\/a><\/p>\n","protected":false},"author":4,"featured_media":36454,"comment_status":"closed","ping_status":"closed","sticky":false,"template":"","format":"standard","meta":[],"categories":[8,2251,2250],"tags":[459,393,139,423],"_links":{"self":[{"href":"https:\/\/bisbalpenedes.com\/web\/wp-json\/wp\/v2\/posts\/36453"}],"collection":[{"href":"https:\/\/bisbalpenedes.com\/web\/wp-json\/wp\/v2\/posts"}],"about":[{"href":"https:\/\/bisbalpenedes.com\/web\/wp-json\/wp\/v2\/types\/post"}],"author":[{"embeddable":true,"href":"https:\/\/bisbalpenedes.com\/web\/wp-json\/wp\/v2\/users\/4"}],"replies":[{"embeddable":true,"href":"https:\/\/bisbalpenedes.com\/web\/wp-json\/wp\/v2\/comments?post=36453"}],"version-history":[{"count":1,"href":"https:\/\/bisbalpenedes.com\/web\/wp-json\/wp\/v2\/posts\/36453\/revisions"}],"predecessor-version":[{"id":36455,"href":"https:\/\/bisbalpenedes.com\/web\/wp-json\/wp\/v2\/posts\/36453\/revisions\/36455"}],"wp:featuredmedia":[{"embeddable":true,"href":"https:\/\/bisbalpenedes.com\/web\/wp-json\/wp\/v2\/media\/36454"}],"wp:attachment":[{"href":"https:\/\/bisbalpenedes.com\/web\/wp-json\/wp\/v2\/media?parent=36453"}],"wp:term":[{"taxonomy":"category","embeddable":true,"href":"https:\/\/bisbalpenedes.com\/web\/wp-json\/wp\/v2\/categories?post=36453"},{"taxonomy":"post_tag","embeddable":true,"href":"https:\/\/bisbalpenedes.com\/web\/wp-json\/wp\/v2\/tags?post=36453"}],"curies":[{"name":"wp","href":"https:\/\/api.w.org\/{rel}","templated":true}]}}