{"id":36444,"date":"2026-02-20T08:01:00","date_gmt":"2026-02-20T06:01:00","guid":{"rendered":"https:\/\/bisbalpenedes.com\/web\/?p=36444"},"modified":"2026-02-20T18:16:22","modified_gmt":"2026-02-20T16:16:22","slug":"la-tarda-del-24-de-novembre-es-va-celebrar-un-ple-extraordinari-a-lajuntament-de-la-bisbal-del-penedes","status":"publish","type":"post","link":"https:\/\/bisbalpenedes.com\/web\/2026\/02\/20\/la-tarda-del-24-de-novembre-es-va-celebrar-un-ple-extraordinari-a-lajuntament-de-la-bisbal-del-penedes\/","title":{"rendered":"<strong>La tarda del 24 de novembre es va celebrar un Ple extraordinari a l&#8217;Ajuntament de la Bisbal del Pened\u00e8s<\/strong>"},"content":{"rendered":"\n<p>El 24 de novembre, a les 19h, es va celebrar un Ple extraordinari a l&#8217;Ajuntament de la Bisbal del Pened\u00e8s. A l&#8217;inici de la sessi\u00f3, es va excusar l&#8217;assist\u00e8ncia del regidor Ra\u00fal Cort\u00e9s del grup Tots Som la Bisbal &#8211; Urbanizaciones Unidas.<\/p>\n\n\n\n<p>Podeu veure el v\u00eddeo de la sessi\u00f3, a l&#8217;enlla\u00e7: <a href=\"https:\/\/actes.bisbalpenedes.com\/session\/sessionDetail\/8a8180889a8fa07b019aa0945fb8000d\">https:\/\/actes.bisbalpenedes.com\/session\/sessionDetail\/8a8180889a8fa07b019aa0945fb8000d<\/a><\/p>\n\n\n\n<p>A l&#8217;ordre del dia hi figuraven els punts seg\u00fcents:<\/p>\n\n\n\n<p><strong>1.-Aprovaci\u00f3 inicial dels pressupostos de l&#8217;exercici 2026<\/strong><\/p>\n\n\n\n<p>Es va aprovar amb els vots a favor de Comprom\u00eds amb la Bisbal (5) i PSC (1) i els vots en contra de La Bisbal Decideix (2), Tots som la Bisbal (1) i ERC-AM (1).<\/p>\n\n\n\n<ul><li>Podeu ampliar la informaci\u00f3 sobre el pressupost aprovat en aquest enlla\u00e7: <a href=\"https:\/\/bisbalpenedes.com\/web\/2025\/11\/26\/lajuntament-de-la-bisbal-del-penedes-ha-aprovat-el-pressupost-municipal-de-lany-2026\/\">https:\/\/bisbalpenedes.com\/web\/2025\/11\/26\/lajuntament-de-la-bisbal-del-penedes-ha-aprovat-el-pressupost-municipal-de-lany-2026\/<\/a><\/li><li>Aprovaci\u00f3 definitiva del pressupost municipal de 2026: <a href=\"https:\/\/bisbalpenedes.com\/web\/2026\/01\/08\/saprova-definitivament-el-pressupost-municipal-de-lany-2026\/\">https:\/\/bisbalpenedes.com\/web\/2026\/01\/08\/saprova-definitivament-el-pressupost-municipal-de-lany-2026\/<\/a><\/li><\/ul>\n\n\n\n<p><strong>2.-Aprovaci\u00f3 del reconeixement de les obligacions de despeses indegudament adquirides<\/strong><\/p>\n\n\n\n<p>Es va aprovar amb els vots a favor de Comprom\u00eds amb la Bisbal (5) i PSC (1) i els vots en contra de La Bisbal Decideix (2), Tots Som la Bisbal &#8211; Urbanizaciones Unidas (1) i ERC-AM (1).<\/p>\n\n\n\n<p>Es va aprovar el reconeixement extrajudicial de cr\u00e8dit de factures per un total de 65.824,86\u20ac corresponents a serveis o adquisicions realitzades durant l&#8217;any en curs, per\u00f2 &#8220;amb algunes defici\u00e8ncies de tramitaci\u00f3&#8221;.<\/p>\n\n\n\n<p>Es va informar que hi havia consignaci\u00f3 pressupost\u00e0ria suficient per fer front a aquestes obligacions.<\/p>\n\n\n\n<hr class=\"wp-block-separator has-alpha-channel-opacity\"\/>\n\n\n\n<h3><strong>La tarde del 24 de noviembre se celebr\u00f3 un Pleno extraordinario en el Ayuntamiento de la Bisbal del Pened\u00e8s<\/strong><\/h3>\n\n\n\n<p>El 24 de noviembre, a las 19 h, se celebr\u00f3 un Pleno extraordinario en el Ajuntament de la Bisbal del Pened\u00e8s. Al inicio de la sesi\u00f3n, se excus\u00f3 la asistencia del concejal Ra\u00fal Cort\u00e9s, del grupo Tots Som la Bisbal &#8211; Urbanizaciones Unidas.<\/p>\n\n\n\n<p>Pod\u00e9is ver el v\u00eddeo de la sesi\u00f3n en el siguiente enlace: <a href=\"https:\/\/actes.bisbalpenedes.com\/session\/sessionDetail\/8a8180889a8fa07b019aa0945fb8000d\">https:\/\/actes.bisbalpenedes.com\/session\/sessionDetail\/8a8180889a8fa07b019aa0945fb8000d<\/a><\/p>\n\n\n\n<p>En el orden del d\u00eda figuraban los siguientes puntos:<\/p>\n\n\n\n<p><strong>1.- Aprobaci\u00f3n inicial de los presupuestos del ejercicio 2026<\/strong><\/p>\n\n\n\n<p>Se aprob\u00f3 con los votos a favor de Comprom\u00eds amb la Bisbal (5) y PSC (1) y los votos en contra de La Bisbal Decideix (2), Tots som la Bisbal (1) y ERC-AM (1).<\/p>\n\n\n\n<ul><li>Pod\u00e9is ampliar la informaci\u00f3n sobre el presupuesto aprobado en este enlace: <a href=\"https:\/\/bisbalpenedes.com\/web\/2025\/11\/26\/lajuntament-de-la-bisbal-del-penedes-ha-aprovat-el-pressupost-municipal-de-lany-2026\/\">https:\/\/bisbalpenedes.com\/web\/2025\/11\/26\/lajuntament-de-la-bisbal-del-penedes-ha-aprovat-el-pressupost-municipal-de-lany-2026\/<\/a><\/li><li>Aprobaci\u00f3n definitiva del presupuesto municipal de 2026: <a href=\"https:\/\/bisbalpenedes.com\/web\/2026\/01\/08\/saprova-definitivament-el-pressupost-municipal-de-lany-2026\/\">https:\/\/bisbalpenedes.com\/web\/2026\/01\/08\/saprova-definitivament-el-pressupost-municipal-de-lany-2026\/<\/a><\/li><\/ul>\n\n\n\n<p><strong>2.- Aprobaci\u00f3n del reconocimiento de las obligaciones de gastos indebidamente adquiridos<\/strong><\/p>\n\n\n\n<p>Se aprob\u00f3 con los votos a favor de Comprom\u00eds amb la Bisbal (5) y PSC (1) y los votos en contra de La Bisbal Decideix (2), Tots som la Bisbal (1) y ERC-AM (1).<\/p>\n\n\n\n<p>Se aprob\u00f3 el reconocimiento extrajudicial de cr\u00e9dito de facturas por un total de 65.824,86 \u20ac correspondientes a servicios o adquisiciones realizadas durante el a\u00f1o en curso, pero &#8220;con algunas deficiencias de tramitaci\u00f3n&#8221;.<\/p>\n\n\n\n<p>Se inform\u00f3 de que exist\u00eda consignaci\u00f3n presupuestaria suficiente para hacer frente a estas obligaciones.<\/p>\n","protected":false},"excerpt":{"rendered":"<p>El 24 de novembre, a les 19h, es va celebrar un Ple extraordinari a l&#8217;Ajuntament de la Bisbal del Pened\u00e8s. A l&#8217;inici de la sessi\u00f3, es va excusar l&#8217;assist\u00e8ncia del &hellip; <a href=\"https:\/\/bisbalpenedes.com\/web\/2026\/02\/20\/la-tarda-del-24-de-novembre-es-va-celebrar-un-ple-extraordinari-a-lajuntament-de-la-bisbal-del-penedes\/\" class=\"more-link\">Read More<\/a><\/p>\n","protected":false},"author":4,"featured_media":35352,"comment_status":"closed","ping_status":"closed","sticky":false,"template":"","format":"standard","meta":[],"categories":[8,2251,2250],"tags":[393,1374,423],"_links":{"self":[{"href":"https:\/\/bisbalpenedes.com\/web\/wp-json\/wp\/v2\/posts\/36444"}],"collection":[{"href":"https:\/\/bisbalpenedes.com\/web\/wp-json\/wp\/v2\/posts"}],"about":[{"href":"https:\/\/bisbalpenedes.com\/web\/wp-json\/wp\/v2\/types\/post"}],"author":[{"embeddable":true,"href":"https:\/\/bisbalpenedes.com\/web\/wp-json\/wp\/v2\/users\/4"}],"replies":[{"embeddable":true,"href":"https:\/\/bisbalpenedes.com\/web\/wp-json\/wp\/v2\/comments?post=36444"}],"version-history":[{"count":1,"href":"https:\/\/bisbalpenedes.com\/web\/wp-json\/wp\/v2\/posts\/36444\/revisions"}],"predecessor-version":[{"id":36445,"href":"https:\/\/bisbalpenedes.com\/web\/wp-json\/wp\/v2\/posts\/36444\/revisions\/36445"}],"wp:featuredmedia":[{"embeddable":true,"href":"https:\/\/bisbalpenedes.com\/web\/wp-json\/wp\/v2\/media\/35352"}],"wp:attachment":[{"href":"https:\/\/bisbalpenedes.com\/web\/wp-json\/wp\/v2\/media?parent=36444"}],"wp:term":[{"taxonomy":"category","embeddable":true,"href":"https:\/\/bisbalpenedes.com\/web\/wp-json\/wp\/v2\/categories?post=36444"},{"taxonomy":"post_tag","embeddable":true,"href":"https:\/\/bisbalpenedes.com\/web\/wp-json\/wp\/v2\/tags?post=36444"}],"curies":[{"name":"wp","href":"https:\/\/api.w.org\/{rel}","templated":true}]}}