{"id":36428,"date":"2026-02-20T08:53:16","date_gmt":"2026-02-20T06:53:16","guid":{"rendered":"https:\/\/bisbalpenedes.com\/web\/?p=36428"},"modified":"2026-02-20T09:00:40","modified_gmt":"2026-02-20T07:00:40","slug":"cicle-gaudi-romeria-22-febrer-2026","status":"publish","type":"post","link":"https:\/\/bisbalpenedes.com\/web\/2026\/02\/20\/cicle-gaudi-romeria-22-febrer-2026\/","title":{"rendered":"El diumenge 22 de febrer podreu veure la pel\u00b7l\u00edcula \u2018Romer\u00eda\u2019 a la Bisbal en el marc del Cicle Gaud\u00ed"},"content":{"rendered":"\n<p>El diumenge 22 de febrer, a les 18h, podreu veure la pel\u00b7l\u00edcula \u201cRomer\u00eda\u201d a l\u2019auditori del CMC, en el marc del Cicle Gaud\u00ed de cinema catal\u00e0. La taquilla ser\u00e0 gestionada per la Colla castellera La Bisbal del Pened\u00e8s &#8211; Bous.<\/p>\n\n\n\n<p><strong>FITXA T\u00c8CNICA<\/strong><\/p>\n\n\n\n<ul><li>Direcci\u00f3: Carla Sim\u00f3n<\/li><li>Productora: Elastica Films, Dos Soles Media, Romer\u00eda Vigo, Ventall Cinema GMBH (Alemanya), Zweiten Deutschen Fernsehen ZDF (Alemanya)<\/li><li>Estrena: 28 d&#8217;agost de 2025<\/li><li>Durada: 111 min.<\/li><li>Gui\u00f3: Carla Sim\u00f3n<\/li><li>G\u00e8nere: Drama<\/li><li>Qualificaci\u00f3: No recomanada per a menors de 16 anys<\/li><li>Versi\u00f3: Original en catal\u00e0<\/li><li>Int\u00e8rprets: Alberto Gracia, Celine Tyll, Janet Nov\u00e1s, Jos\u00e9 \u00c1ngel Egido, Ll\u00facia Garc\u00eda, Marina Troncoso, Miryam Gallego, Mitch, Sara Casasnovas, Trist\u00e1n Ulloa<\/li><\/ul>\n\n\n\n<p><strong>SINOPSI<\/strong><\/p>\n\n\n\n<p>La reconeguda directora Carla Sim\u00f3n posa el punt final a la seva trilogia sobre la seva mem\u00f2ria familiar amb la delicada Romeria, un viatge \u00edntim al propi passat i a la recerca dels records fragmentats i contradictoris d\u2019una \u00e8poca a trav\u00e9s del diari personal de la seva mare.<\/p>\n\n\n\n<p>La Marina, just despr\u00e9s de celebrar 18 anys, decideix fer un viatge a Vigo per aconseguir el certificat de defunci\u00f3 del seu pare i aix\u00ed optar a una beca per estudiar cinema. Arran de la seva visita a Gal\u00edcia, decideix establir contacte amb la seva fam\u00edlia paterna, a qui pr\u00e0cticament desconeix, per esvair inc\u00f2gnites al voltant del passat dels seus pares, dels quals no t\u00e9 pr\u00e0cticament records. Moguda pel desig de trobar respostes i connectar amb els seus or\u00edgens i la hist\u00f2ria dels seus pares, far\u00e0 desenterrar un passat familiar ple de fantasmes, secrets i conflictes que mai abans s\u2019havien parlat.<\/p>\n\n\n\n<p>A trav\u00e9s de les paraules de la seva mare i dels records del seu pare relatats per la seva fam\u00edlia paterna com a fil conductor, Carla Sim\u00f3n construeix un trencaclosques que ens descobreix una intensa hist\u00f2ria d\u2019amor emmarcada en l\u2019Espanya dels anys 80, un per\u00edode d\u2019alliberament i experimentaci\u00f3 marcat pel consum de drogues i l\u2019epid\u00e8mia del VIH.<\/p>\n\n\n\n<p>Amb Romeria, Carla Sim\u00f3n tanca un viatge d\u2019autoficci\u00f3 iniciat amb Estiu 1993 i continuat amb Alcarr\u00e0s, una trilogia cinematogr\u00e0fica multipremiada i avalada pel p\u00fablic i per la cr\u00edtica on explora la pr\u00f2pia identitat i la recerca dels seus or\u00edgens.<\/p>\n\n\n\n<p>Amb el debut en l\u2019actuaci\u00f3 de Ll\u00facia Garc\u00eda i la fotografia d\u2019H\u00e9l\u00e8ne Louvart, Romeria va competir per la Palma d\u2019Or al Festival de Cannes i \u00e9s candidata als XVIII Premis Gaud\u00ed com a millor pel\u00b7l\u00edcula en llengua no catalana, amb 18 candidatures m\u00e9s per al seu equip t\u00e8cnic i art\u00edstic.<\/p>\n\n\n\n<p>Com \u00e9s habitual, el preu de l\u2019entrada ser\u00e0 de 4,5\u20ac (general) i 3\u20ac per als espectadors que presentin el carnet de la Biblioteca p\u00fablica de la Bisbal del Pened\u00e8s. Els beneficis es destinaran a l\u2019entitat que gestioni la taquilla abans de la projecci\u00f3.<\/p>\n\n\n\n<figure class=\"wp-block-embed is-type-video is-provider-youtube wp-block-embed-youtube wp-embed-aspect-16-9 wp-has-aspect-ratio\"><div class=\"wp-block-embed__wrapper\">\n<iframe loading=\"lazy\" title=\"Cicle Gaud\u00ed: &quot;Romer\u00eda&quot;\" width=\"1170\" height=\"658\" src=\"https:\/\/www.youtube.com\/embed\/Eqm8zZXc1yQ?feature=oembed\" frameborder=\"0\" allow=\"accelerometer; autoplay; clipboard-write; encrypted-media; gyroscope; picture-in-picture; web-share\" referrerpolicy=\"strict-origin-when-cross-origin\" allowfullscreen><\/iframe>\n<\/div><\/figure>\n\n\n\n<hr class=\"wp-block-separator has-alpha-channel-opacity\"\/>\n\n\n\n<figure class=\"wp-block-image size-large\"><img loading=\"lazy\" width=\"724\" height=\"1024\" src=\"https:\/\/bisbalpenedes.com\/web\/wp-content\/uploads\/2026\/02\/VISUAL_A3_ROMERIA_LA_BISBAL_PENEDES-1-724x1024.jpg\" alt=\"\" class=\"wp-image-36429\" srcset=\"https:\/\/bisbalpenedes.com\/web\/wp-content\/uploads\/2026\/02\/VISUAL_A3_ROMERIA_LA_BISBAL_PENEDES-1-724x1024.jpg 724w, https:\/\/bisbalpenedes.com\/web\/wp-content\/uploads\/2026\/02\/VISUAL_A3_ROMERIA_LA_BISBAL_PENEDES-1-212x300.jpg 212w, https:\/\/bisbalpenedes.com\/web\/wp-content\/uploads\/2026\/02\/VISUAL_A3_ROMERIA_LA_BISBAL_PENEDES-1-768x1086.jpg 768w, https:\/\/bisbalpenedes.com\/web\/wp-content\/uploads\/2026\/02\/VISUAL_A3_ROMERIA_LA_BISBAL_PENEDES-1-1086x1536.jpg 1086w, https:\/\/bisbalpenedes.com\/web\/wp-content\/uploads\/2026\/02\/VISUAL_A3_ROMERIA_LA_BISBAL_PENEDES-1-600x848.jpg 600w, https:\/\/bisbalpenedes.com\/web\/wp-content\/uploads\/2026\/02\/VISUAL_A3_ROMERIA_LA_BISBAL_PENEDES-1.jpg 1123w\" sizes=\"(max-width: 724px) 100vw, 724px\" \/><\/figure>\n\n\n\n<p>El domingo 22 de febrero, a las 18h, podr\u00e9is ver la pel\u00edcula \u201cRomer\u00eda\u201d en el auditorio del CMC, en el marco del Cicle Gaud\u00ed de cinema catal\u00e0. La taquilla ser\u00e1 gestionada por la Colla castellera de La Bisbal del Pened\u00e8s &#8211; Bous.<\/p>\n\n\n\n<p><strong>FICHA T\u00c9CNICA<\/strong><\/p>\n\n\n\n<ul><li>Direcci\u00f3n: Carla Sim\u00f3n<\/li><li>Productora: Elastica Films, Dos Soles Media, Romer\u00eda Vigo, Ventall Cinema GMBH (Alemania), Zweiten Deutschen Fernsehen ZDF (Alemania)<\/li><li>Estreno: 28 de agosto de 2025<\/li><li>Duraci\u00f3n: 111 min.<\/li><li>Guion: Carla Sim\u00f3n<\/li><li>G\u00e9nero: Drama<\/li><li>Calificaci\u00f3n: No recomendada para menores de 16 a\u00f1os<\/li><li>Versi\u00f3n: Original en catal\u00e1n<\/li><li>Int\u00e9rpretes: Alberto Gracia, Celine Tyll, Janet Nov\u00e1s, Jos\u00e9 \u00c1ngel Egido, Ll\u00facia Garc\u00eda, Marina Troncoso, Miryam Gallego, Mitch, Sara Casasnovas, Trist\u00e1n Ulloa<\/li><\/ul>\n\n\n\n<p><strong>SINOPSIS<\/strong><\/p>\n\n\n\n<p>La reconocida directora Carla Sim\u00f3n pone el punto final a su trilog\u00eda sobre su memoria familiar con la delicada Romer\u00eda, un viaje \u00edntimo al propio pasado y a la b\u00fasqueda de los recuerdos fragmentados y contradictorios de una \u00e9poca a trav\u00e9s del diario personal de su madre.<\/p>\n\n\n\n<p>Marina, justo despu\u00e9s de cumplir 18 a\u00f1os, decide hacer un viaje a Vigo para conseguir el certificado de defunci\u00f3n de su padre y as\u00ed optar a una beca para estudiar cine. A ra\u00edz de su visita a Galicia, decide establecer contacto con su familia paterna, a la que pr\u00e1cticamente desconoce, para despejar inc\u00f3gnitas en torno al pasado de sus padres, de los que apenas tiene recuerdos. Movida por el deseo de encontrar respuestas y conectar con sus or\u00edgenes y la historia de sus padres, har\u00e1 aflorar un pasado familiar lleno de fantasmas, secretos y conflictos que nunca antes se hab\u00edan abordado.<\/p>\n\n\n\n<p>A trav\u00e9s de las palabras de su madre y de los recuerdos de su padre relatados por su familia paterna como hilo conductor, Carla Sim\u00f3n construye un rompecabezas que nos descubre una intensa historia de amor enmarcada en la Espa\u00f1a de los a\u00f1os 80, un periodo de liberaci\u00f3n y experimentaci\u00f3n marcado por el consumo de drogas y la epidemia del VIH.<\/p>\n\n\n\n<p>Con Romer\u00eda, Carla Sim\u00f3n cierra un viaje de autoficci\u00f3n iniciado con Estiu 1993 y continuado con Alcarr\u00e0s, una trilog\u00eda cinematogr\u00e1fica multipremiada y avalada por el p\u00fablico y la cr\u00edtica en la que explora la propia identidad y la b\u00fasqueda de sus or\u00edgenes.<\/p>\n\n\n\n<p>Con el debut en la actuaci\u00f3n de Ll\u00facia Garc\u00eda y la fotograf\u00eda de H\u00e9l\u00e8ne Louvart, Romer\u00eda compiti\u00f3 por la Palma de Oro en el Festival de Cannes y es candidata a los XVIII Premis Gaud\u00ed como mejor pel\u00edcula en lengua no catalana, con 18 candidaturas m\u00e1s para su equipo t\u00e9cnico y art\u00edstico.<\/p>\n\n\n\n<p>Como es habitual, el precio de la entrada ser\u00e1 de 4,5\u20ac (general) y 3\u20ac para los espectadores que presenten el carnet de la Biblioteca p\u00fablica de la Bisbal del Pened\u00e8s. Los beneficios se destinar\u00e1n a la entidad que gestione la taquilla antes de la proyecci\u00f3n.<\/p>\n","protected":false},"excerpt":{"rendered":"<p>El diumenge 22 de febrer, a les 18h, podreu veure la pel\u00b7l\u00edcula \u201cRomer\u00eda\u201d a l\u2019auditori del CMC, en el marc del Cicle Gaud\u00ed de cinema catal\u00e0. La taquilla ser\u00e0 gestionada &hellip; <a href=\"https:\/\/bisbalpenedes.com\/web\/2026\/02\/20\/cicle-gaudi-romeria-22-febrer-2026\/\" class=\"more-link\">Read More<\/a><\/p>\n","protected":false},"author":4,"featured_media":36430,"comment_status":"closed","ping_status":"closed","sticky":false,"template":"","format":"standard","meta":[],"categories":[2942,13,8],"tags":[459,378,813,7361,393,7360],"_links":{"self":[{"href":"https:\/\/bisbalpenedes.com\/web\/wp-json\/wp\/v2\/posts\/36428"}],"collection":[{"href":"https:\/\/bisbalpenedes.com\/web\/wp-json\/wp\/v2\/posts"}],"about":[{"href":"https:\/\/bisbalpenedes.com\/web\/wp-json\/wp\/v2\/types\/post"}],"author":[{"embeddable":true,"href":"https:\/\/bisbalpenedes.com\/web\/wp-json\/wp\/v2\/users\/4"}],"replies":[{"embeddable":true,"href":"https:\/\/bisbalpenedes.com\/web\/wp-json\/wp\/v2\/comments?post=36428"}],"version-history":[{"count":1,"href":"https:\/\/bisbalpenedes.com\/web\/wp-json\/wp\/v2\/posts\/36428\/revisions"}],"predecessor-version":[{"id":36431,"href":"https:\/\/bisbalpenedes.com\/web\/wp-json\/wp\/v2\/posts\/36428\/revisions\/36431"}],"wp:featuredmedia":[{"embeddable":true,"href":"https:\/\/bisbalpenedes.com\/web\/wp-json\/wp\/v2\/media\/36430"}],"wp:attachment":[{"href":"https:\/\/bisbalpenedes.com\/web\/wp-json\/wp\/v2\/media?parent=36428"}],"wp:term":[{"taxonomy":"category","embeddable":true,"href":"https:\/\/bisbalpenedes.com\/web\/wp-json\/wp\/v2\/categories?post=36428"},{"taxonomy":"post_tag","embeddable":true,"href":"https:\/\/bisbalpenedes.com\/web\/wp-json\/wp\/v2\/tags?post=36428"}],"curies":[{"name":"wp","href":"https:\/\/api.w.org\/{rel}","templated":true}]}}