{"id":36407,"date":"2026-02-19T14:45:27","date_gmt":"2026-02-19T12:45:27","guid":{"rendered":"https:\/\/bisbalpenedes.com\/web\/?p=36407"},"modified":"2026-02-24T19:22:51","modified_gmt":"2026-02-24T17:22:51","slug":"la-bisbal-del-penedes-celebrara-la-xatonada-popular-a-la-placa-de-lesglesia-el-diumenge-8-de-marc","status":"publish","type":"post","link":"https:\/\/bisbalpenedes.com\/web\/2026\/02\/19\/la-bisbal-del-penedes-celebrara-la-xatonada-popular-a-la-placa-de-lesglesia-el-diumenge-8-de-marc\/","title":{"rendered":"La Bisbal del Pened\u00e8s celebrar\u00e0 la xatonada popular a la pla\u00e7a de l&#8217;Esgl\u00e9sia el diumenge 8 de mar\u00e7"},"content":{"rendered":"\n<p>El diumenge 8 de mar\u00e7 se celebrar\u00e0 una xatonada popular a la pla\u00e7a de l\u2019Esgl\u00e9sia, una jornada oberta a la ciutadania per aprendre a elaborar el xat\u00f3 i gaudir-lo plegats.<\/p>\n\n\n\n<p>A les 11.30 h tindr\u00e0 lloc una classe oberta de xat\u00f3, a c\u00e0rrec de les presidentes de l&#8217;Associaci\u00f3 de Dones La Roca Foradada, Puri Gonz\u00e1lez,  i l&#8217;Associaci\u00f3 de la Gent Gran, M. Teresa Vilella. Posteriorment, a les 13.30 h, les persones participants podran degustar el seu propi xat\u00f3.<\/p>\n\n\n\n<p>Les inscripcions es poden fer els dimecres al Rac\u00f3 de la Gent Gran de 10 h a 12 h o al local de la Roca Foradada d\u201911 h a 12 h. Tamb\u00e9 us hi podeu inscriure trucant als tel\u00e8fons 622 649 297 (Puri) i 654 237 606 (Teresa).<\/p>\n\n\n\n<p>El preu \u00e9s de 10 euros per persona. Cal portar morter amb la seva ma\u00e7a i ganes d\u2019aprendre.<\/p>\n\n\n\n<p>La Bisbal del Pened\u00e8s s\u2019ha incorporat recentment a la Ruta del Xat\u00f3, una iniciativa gastron\u00f2mica de refer\u00e8ncia al territori que posa en valor aquest plat tradicional de la nostra cuina. Podeu consultar-ne tots els detalls en aquest enlla\u00e7:<br><a href=\"https:\/\/bisbalpenedes.com\/web\/2025\/11\/11\/la-bisbal-del-penedes-sincorpora-a-la-ruta-del-xato-tres-restaurants-bisbalencs-oferiran-les-seves-propostes-en-el-marc-daquesta-iniciativa-gastronomica-de-tardor-hivern\/\">https:\/\/bisbalpenedes.com\/web\/2025\/11\/11\/la-bisbal-del-penedes-sincorpora-a-la-ruta-del-xato-tres-restaurants-bisbalencs-oferiran-les-seves-propostes-en-el-marc-daquesta-iniciativa-gastronomica-de-tardor-hivern\/<\/a><\/p>\n\n\n\n<hr class=\"wp-block-separator has-alpha-channel-opacity\"\/>\n\n\n\n<h3><strong>La Bisbal del Pened\u00e8s celebrar\u00e1 una &#8216;xatonada&#8217; popular en la plaza de l&#8217;Esgl\u00e9sia el domingo 8 de marzo<\/strong><\/h3>\n\n\n\n<p>El domingo 8 de marzo se celebrar\u00e1 una xatonada popular en la plaza de l&#8217;Esgl\u00e9sia, una jornada abierta a la ciudadan\u00eda para aprender a elaborar el&nbsp;<em>xat\u00f3<\/em>&nbsp;y disfrutarlo juntos.<\/p>\n\n\n\n<p>A las 11.30 h tendr\u00e1 lugar una clase abierta de\u00a0<em>xat\u00f3<\/em>, a cargo de las presidentas de la Associaci\u00f3 de Dones La Roca Foradada, Puri Gonz\u00e1lez y la presidenta de l&#8217;Associaci\u00f3 de la Gent Gran, M. Teresa Vilella. Posteriormente, a las 13.30 h, las personas participantes podr\u00e1n degustar su propio\u00a0<em>xat\u00f3.<\/em><\/p>\n\n\n\n<p>Las inscripciones pueden realizarse los mi\u00e9rcoles en el Rac\u00f3 de la Gent Gran de 10 h a 12 h o en el local de la Roca Foradada de 11 h a 12 h. Tambi\u00e9n pod\u00e9is inscribiros llamando a los tel\u00e9fonos 622 649 297 (Puri) y 654 237 606 (Teresa).<\/p>\n\n\n\n<p>El precio es de 10 euros por persona. Es necesario llevar mortero con su mano y ganas de aprender.<\/p>\n\n\n\n<p>La Bisbal del Pened\u00e8s se ha incorporado recientemente a la Ruta del Xat\u00f3, una iniciativa gastron\u00f3mica de referencia en el territorio que pone en valor este plato tradicional de nuestra cocina. Pod\u00e9is consultar todos los detalles en este enlace: <a href=\"https:\/\/bisbalpenedes.com\/web\/2025\/11\/11\/la-bisbal-del-penedes-sincorpora-a-la-ruta-del-xato-tres-restaurants-bisbalencs-oferiran-les-seves-propostes-en-el-marc-daquesta-iniciativa-gastronomica-de-tardor-hivern\/\">https:\/\/bisbalpenedes.com\/web\/2025\/11\/11\/la-bisbal-del-penedes-sincorpora-a-la-ruta-del-xato-tres-restaurants-bisbalencs-oferiran-les-seves-propostes-en-el-marc-daquesta-iniciativa-gastronomica-de-tardor-hivern\/<\/a><\/p>\n","protected":false},"excerpt":{"rendered":"<p>El diumenge 8 de mar\u00e7 se celebrar\u00e0 una xatonada popular a la pla\u00e7a de l\u2019Esgl\u00e9sia, una jornada oberta a la ciutadania per aprendre a elaborar el xat\u00f3 i gaudir-lo plegats. &hellip; <a href=\"https:\/\/bisbalpenedes.com\/web\/2026\/02\/19\/la-bisbal-del-penedes-celebrara-la-xatonada-popular-a-la-placa-de-lesglesia-el-diumenge-8-de-marc\/\" class=\"more-link\">Read More<\/a><\/p>\n","protected":false},"author":4,"featured_media":36413,"comment_status":"closed","ping_status":"closed","sticky":false,"template":"","format":"standard","meta":[],"categories":[2942,20,8],"tags":[459,393,1374,7241,7359],"_links":{"self":[{"href":"https:\/\/bisbalpenedes.com\/web\/wp-json\/wp\/v2\/posts\/36407"}],"collection":[{"href":"https:\/\/bisbalpenedes.com\/web\/wp-json\/wp\/v2\/posts"}],"about":[{"href":"https:\/\/bisbalpenedes.com\/web\/wp-json\/wp\/v2\/types\/post"}],"author":[{"embeddable":true,"href":"https:\/\/bisbalpenedes.com\/web\/wp-json\/wp\/v2\/users\/4"}],"replies":[{"embeddable":true,"href":"https:\/\/bisbalpenedes.com\/web\/wp-json\/wp\/v2\/comments?post=36407"}],"version-history":[{"count":5,"href":"https:\/\/bisbalpenedes.com\/web\/wp-json\/wp\/v2\/posts\/36407\/revisions"}],"predecessor-version":[{"id":36469,"href":"https:\/\/bisbalpenedes.com\/web\/wp-json\/wp\/v2\/posts\/36407\/revisions\/36469"}],"wp:featuredmedia":[{"embeddable":true,"href":"https:\/\/bisbalpenedes.com\/web\/wp-json\/wp\/v2\/media\/36413"}],"wp:attachment":[{"href":"https:\/\/bisbalpenedes.com\/web\/wp-json\/wp\/v2\/media?parent=36407"}],"wp:term":[{"taxonomy":"category","embeddable":true,"href":"https:\/\/bisbalpenedes.com\/web\/wp-json\/wp\/v2\/categories?post=36407"},{"taxonomy":"post_tag","embeddable":true,"href":"https:\/\/bisbalpenedes.com\/web\/wp-json\/wp\/v2\/tags?post=36407"}],"curies":[{"name":"wp","href":"https:\/\/api.w.org\/{rel}","templated":true}]}}