{"id":36404,"date":"2026-02-19T14:04:32","date_gmt":"2026-02-19T12:04:32","guid":{"rendered":"https:\/\/bisbalpenedes.com\/web\/?p=36404"},"modified":"2026-02-19T14:04:33","modified_gmt":"2026-02-19T12:04:33","slug":"la-bisbal-del-penedes-lamenta-la-mort-de-jaume-calbet-i-sole-un-dels-darrers-supervivents-de-la-lleva-del-bibero","status":"publish","type":"post","link":"https:\/\/bisbalpenedes.com\/web\/2026\/02\/19\/la-bisbal-del-penedes-lamenta-la-mort-de-jaume-calbet-i-sole-un-dels-darrers-supervivents-de-la-lleva-del-bibero\/","title":{"rendered":"La Bisbal del Pened\u00e8s lamenta la mort de Jaume Calbet i Sol\u00e9, un dels darrers supervivents de la Lleva del biber\u00f3"},"content":{"rendered":"\n<p>L\u2019Ajuntament de la Bisbal del Pened\u00e8s lamenta profundament la mort del bisbalenc Jaume Calbet i Sol\u00e9, un dels darrers supervivents de la Lleva del biber\u00f3, que ens ha deixat a l\u2019edat de 105 anys.<\/p>\n\n\n\n<p>Jaume Calbet va ser testimoni d\u2019una etapa clau de la nostra hist\u00f2ria i va compartir generosament els seus records d\u2019infantesa i joventut a la Bisbal, aix\u00ed com les viv\u00e8ncies de la Guerra Civil, contribuint a preservar la mem\u00f2ria col\u00b7lectiva del municipi i del pa\u00eds.<\/p>\n\n\n\n<p>L\u2019any 2020, coincidint amb el seu centenari, els departaments de Cultura i Comunicaci\u00f3 de l\u2019Ajuntament vam tenir l\u2019honor de recollir el seu testimoni en una entrevista que avui ens permet entendre de primera m\u00e0 l\u2019experi\u00e8ncia d\u2019aquells anys i conservar-ne el record per a les generacions presents i futures.<\/p>\n\n\n\n<p>Podeu recuperar l\u2019entrevista en aquest enlla\u00e7:<br><a href=\"https:\/\/bisbalpenedes.com\/web\/2020\/12\/07\/un-segle-de-vida-jaume-calbet-i-sole-bisbalenc-supervivent-de-la-lleva-del-bibero\/\">https:\/\/bisbalpenedes.com\/web\/2020\/12\/07\/un-segle-de-vida-jaume-calbet-i-sole-bisbalenc-supervivent-de-la-lleva-del-bibero\/<\/a><\/p>\n\n\n\n<p>Des de l\u2019Ajuntament expressem el nostre m\u00e9s sincer condol a la seva fam\u00edlia i persones properes.<\/p>\n\n\n\n<hr class=\"wp-block-separator has-alpha-channel-opacity\"\/>\n\n\n\n<p>El Ajuntament de la Bisbal del Pened\u00e8s lamenta profundamente la muerte del bisbalenc Jaume Calbet i Sol\u00e9, uno de los \u00faltimos supervivientes de la Leva del biber\u00f3n, que nos ha dejado a la edad de 105 a\u00f1os.<\/p>\n\n\n\n<p>Jaume Calbet fue testigo de una etapa clave de nuestra historia y comparti\u00f3 generosamente sus recuerdos de infancia y juventud en la Bisbal, as\u00ed como sus vivencias de la Guerra Civil, contribuyendo a preservar la memoria colectiva del municipio y del pa\u00eds.<\/p>\n\n\n\n<p>En el a\u00f1o 2020, coincidiendo con su centenario, los departamentos de Cultura y Comunicaci\u00f3n del Ayuntamiento tuvimos el honor de recoger su testimonio en una entrevista que hoy nos permite entender de primera mano la experiencia de aquellos a\u00f1os y conservar su recuerdo para las generaciones presentes y futuras.<\/p>\n\n\n\n<p>Pod\u00e9is recuperar la entrevista en el siguiente enlace:<br><a href=\"https:\/\/bisbalpenedes.com\/web\/2020\/12\/07\/un-segle-de-vida-jaume-calbet-i-sole-bisbalenc-supervivent-de-la-lleva-del-bibero\/\">https:\/\/bisbalpenedes.com\/web\/2020\/12\/07\/un-segle-de-vida-jaume-calbet-i-sole-bisbalenc-supervivent-de-la-lleva-del-bibero\/<\/a><\/p>\n\n\n\n<p>Desde el Ajuntament expresamos nuestro m\u00e1s sentido p\u00e9same a su familia y personas allegadas.<\/p>\n\n\n\n<p><\/p>\n","protected":false},"excerpt":{"rendered":"<p>L\u2019Ajuntament de la Bisbal del Pened\u00e8s lamenta profundament la mort del bisbalenc Jaume Calbet i Sol\u00e9, un dels darrers supervivents de la Lleva del biber\u00f3, que ens ha deixat a &hellip; <a href=\"https:\/\/bisbalpenedes.com\/web\/2026\/02\/19\/la-bisbal-del-penedes-lamenta-la-mort-de-jaume-calbet-i-sole-un-dels-darrers-supervivents-de-la-lleva-del-bibero\/\" class=\"more-link\">Read More<\/a><\/p>\n","protected":false},"author":4,"featured_media":15445,"comment_status":"closed","ping_status":"closed","sticky":false,"template":"","format":"standard","meta":[],"categories":[2402,8],"tags":[427,7358,393,3523,1374],"_links":{"self":[{"href":"https:\/\/bisbalpenedes.com\/web\/wp-json\/wp\/v2\/posts\/36404"}],"collection":[{"href":"https:\/\/bisbalpenedes.com\/web\/wp-json\/wp\/v2\/posts"}],"about":[{"href":"https:\/\/bisbalpenedes.com\/web\/wp-json\/wp\/v2\/types\/post"}],"author":[{"embeddable":true,"href":"https:\/\/bisbalpenedes.com\/web\/wp-json\/wp\/v2\/users\/4"}],"replies":[{"embeddable":true,"href":"https:\/\/bisbalpenedes.com\/web\/wp-json\/wp\/v2\/comments?post=36404"}],"version-history":[{"count":1,"href":"https:\/\/bisbalpenedes.com\/web\/wp-json\/wp\/v2\/posts\/36404\/revisions"}],"predecessor-version":[{"id":36405,"href":"https:\/\/bisbalpenedes.com\/web\/wp-json\/wp\/v2\/posts\/36404\/revisions\/36405"}],"wp:featuredmedia":[{"embeddable":true,"href":"https:\/\/bisbalpenedes.com\/web\/wp-json\/wp\/v2\/media\/15445"}],"wp:attachment":[{"href":"https:\/\/bisbalpenedes.com\/web\/wp-json\/wp\/v2\/media?parent=36404"}],"wp:term":[{"taxonomy":"category","embeddable":true,"href":"https:\/\/bisbalpenedes.com\/web\/wp-json\/wp\/v2\/categories?post=36404"},{"taxonomy":"post_tag","embeddable":true,"href":"https:\/\/bisbalpenedes.com\/web\/wp-json\/wp\/v2\/tags?post=36404"}],"curies":[{"name":"wp","href":"https:\/\/api.w.org\/{rel}","templated":true}]}}