{"id":3639,"date":"2017-10-24T11:00:30","date_gmt":"2017-10-24T05:00:30","guid":{"rendered":"http:\/\/bisbalpenedes.com\/web\/?p=3639"},"modified":"2017-10-24T10:37:16","modified_gmt":"2017-10-24T09:37:16","slug":"la-regidoria-de-medi-ambient-asfaltara-el-cami-municipal-dacces-a-santa-cristina-lany-vinent","status":"publish","type":"post","link":"https:\/\/bisbalpenedes.com\/web\/2017\/10\/24\/la-regidoria-de-medi-ambient-asfaltara-el-cami-municipal-dacces-a-santa-cristina-lany-vinent\/","title":{"rendered":"La Regidoria de Medi Ambient asfaltar\u00e0 el cam\u00ed municipal d&#8217;acc\u00e9s a Santa Cristina l&#8217;any vinent"},"content":{"rendered":"<p><a href=\"http:\/\/bisbalpenedes.com\/web\/wp-content\/uploads\/2017\/07\/IMG_8543.jpg\"><img loading=\"lazy\" class=\"aligncenter size-large wp-image-2859\" src=\"http:\/\/bisbalpenedes.com\/web\/wp-content\/uploads\/2017\/07\/IMG_8543-1024x768.jpg\" alt=\"acc\u00e9s Santa Cristina\" width=\"630\" height=\"473\" srcset=\"https:\/\/bisbalpenedes.com\/web\/wp-content\/uploads\/2017\/07\/IMG_8543-1024x768.jpg 1024w, https:\/\/bisbalpenedes.com\/web\/wp-content\/uploads\/2017\/07\/IMG_8543-600x450.jpg 600w, https:\/\/bisbalpenedes.com\/web\/wp-content\/uploads\/2017\/07\/IMG_8543-300x225.jpg 300w, https:\/\/bisbalpenedes.com\/web\/wp-content\/uploads\/2017\/07\/IMG_8543.jpg 2016w\" sizes=\"(max-width: 630px) 100vw, 630px\" \/><\/a><\/p>\n<p>El Departament de Governaci\u00f3, Administracions P\u00fabliques i Habitatge de la Generalitat de Catalunya ha concedit a l&#8217;Ajuntament de La Bisbal una subvenci\u00f3 dins de la convocat\u00f2ria d&#8217;inversions en camins 2018\/2020. Es tracta d&#8217;una subvenci\u00f3 que va demanar la Regidoria de Medi Ambient amb la finalitat d&#8217;arreglar el cam\u00ed municipal d&#8217;acc\u00e9s a la urbanitzaci\u00f3 Pineda de Santa Cristina, \u00e9s a dir, el cam\u00ed que d\u00f3na acc\u00e9s al carrer Vall d&#8217;Aran. Tot i que des de Carreteres del Departament de Territori i Sostenibilitat de la Generalitat de Catalunya es va asfaltar una part del carrer, va quedar una zona sense asfaltat i l&#8217;Ajuntament de La Bisbal vol acabar aquest tram, ja que forma part de la xarxa municipal de camins del municipi i t\u00e9 un \u00fas freq\u00fcent de vehicles. De fet es tracta del tram que uneix la urbanitzaci\u00f3 amb l&#8217;antiga carretera del Vendrell a Valls. L&#8217;import de la subvenci\u00f3 que va demanar l&#8217;Ajuntament ascendia a 34.306,37\u20ac i l&#8217;import concedit finalment ha estat de 32.591,05\u20ac. L&#8217;arranjament del cam\u00ed municipal d&#8217;acc\u00e9s a Pineda de Santa Cristina es far\u00e0 durant l&#8217;any 2018.<\/p>\n<p>&nbsp;<\/p>\n<p>&nbsp;<\/p>\n<p>&nbsp;<\/p>\n<p>&nbsp;<\/p>\n","protected":false},"excerpt":{"rendered":"<p>El Departament de Governaci\u00f3, Administracions P\u00fabliques i Habitatge de la Generalitat de Catalunya ha concedit a l&#8217;Ajuntament de La Bisbal una subvenci\u00f3 dins de la convocat\u00f2ria d&#8217;inversions en camins 2018\/2020. &hellip; <a href=\"https:\/\/bisbalpenedes.com\/web\/2017\/10\/24\/la-regidoria-de-medi-ambient-asfaltara-el-cami-municipal-dacces-a-santa-cristina-lany-vinent\/\" class=\"more-link\">Read More<\/a><\/p>\n","protected":false},"author":4,"featured_media":2859,"comment_status":"closed","ping_status":"closed","sticky":false,"template":"","format":"standard","meta":[],"categories":[4,32,8],"tags":[364,865,622,880,623,99],"_links":{"self":[{"href":"https:\/\/bisbalpenedes.com\/web\/wp-json\/wp\/v2\/posts\/3639"}],"collection":[{"href":"https:\/\/bisbalpenedes.com\/web\/wp-json\/wp\/v2\/posts"}],"about":[{"href":"https:\/\/bisbalpenedes.com\/web\/wp-json\/wp\/v2\/types\/post"}],"author":[{"embeddable":true,"href":"https:\/\/bisbalpenedes.com\/web\/wp-json\/wp\/v2\/users\/4"}],"replies":[{"embeddable":true,"href":"https:\/\/bisbalpenedes.com\/web\/wp-json\/wp\/v2\/comments?post=3639"}],"version-history":[{"count":1,"href":"https:\/\/bisbalpenedes.com\/web\/wp-json\/wp\/v2\/posts\/3639\/revisions"}],"predecessor-version":[{"id":3640,"href":"https:\/\/bisbalpenedes.com\/web\/wp-json\/wp\/v2\/posts\/3639\/revisions\/3640"}],"wp:featuredmedia":[{"embeddable":true,"href":"https:\/\/bisbalpenedes.com\/web\/wp-json\/wp\/v2\/media\/2859"}],"wp:attachment":[{"href":"https:\/\/bisbalpenedes.com\/web\/wp-json\/wp\/v2\/media?parent=3639"}],"wp:term":[{"taxonomy":"category","embeddable":true,"href":"https:\/\/bisbalpenedes.com\/web\/wp-json\/wp\/v2\/categories?post=3639"},{"taxonomy":"post_tag","embeddable":true,"href":"https:\/\/bisbalpenedes.com\/web\/wp-json\/wp\/v2\/tags?post=3639"}],"curies":[{"name":"wp","href":"https:\/\/api.w.org\/{rel}","templated":true}]}}