{"id":36388,"date":"2026-02-18T22:42:23","date_gmt":"2026-02-18T20:42:23","guid":{"rendered":"https:\/\/bisbalpenedes.com\/web\/?p=36388"},"modified":"2026-02-18T22:42:24","modified_gmt":"2026-02-18T20:42:24","slug":"avis-per-vent-per-dema-dijous-19-de-febrer","status":"publish","type":"post","link":"https:\/\/bisbalpenedes.com\/web\/2026\/02\/18\/avis-per-vent-per-dema-dijous-19-de-febrer\/","title":{"rendered":"Av\u00eds per vent per dem\u00e0 dijous 19 de febrer"},"content":{"rendered":"\n<p>El Servei Meteorol\u00f2gic de Catalunya ha publicat un av\u00eds per vent per dem\u00e0 dijous 19 de febrer.<\/p>\n\n\n\n<p>Extremeu les precaucions.<\/p>\n\n\n\n<hr class=\"wp-block-separator has-alpha-channel-opacity\"\/>\n\n\n\n<p>El Servei Meteorol\u00f2gic de Catalunya ha publicado un aviso por viento para ma\u00f1ana jueves 19 de febrero.<\/p>\n\n\n\n<p>Extremad las precauciones.<\/p>\n\n\n\n<figure class=\"wp-block-image size-large\"><img loading=\"lazy\" width=\"819\" height=\"1024\" src=\"https:\/\/bisbalpenedes.com\/web\/wp-content\/uploads\/2026\/02\/VENT-DIJOUS-19-FEBRER-819x1024.jpg\" alt=\"\" class=\"wp-image-36389\" srcset=\"https:\/\/bisbalpenedes.com\/web\/wp-content\/uploads\/2026\/02\/VENT-DIJOUS-19-FEBRER-819x1024.jpg 819w, https:\/\/bisbalpenedes.com\/web\/wp-content\/uploads\/2026\/02\/VENT-DIJOUS-19-FEBRER-240x300.jpg 240w, https:\/\/bisbalpenedes.com\/web\/wp-content\/uploads\/2026\/02\/VENT-DIJOUS-19-FEBRER-768x960.jpg 768w, https:\/\/bisbalpenedes.com\/web\/wp-content\/uploads\/2026\/02\/VENT-DIJOUS-19-FEBRER-600x750.jpg 600w, https:\/\/bisbalpenedes.com\/web\/wp-content\/uploads\/2026\/02\/VENT-DIJOUS-19-FEBRER.jpg 1080w\" sizes=\"(max-width: 819px) 100vw, 819px\" \/><\/figure>\n\n\n\n<figure class=\"wp-block-image size-full\"><img loading=\"lazy\" width=\"800\" height=\"800\" src=\"https:\/\/bisbalpenedes.com\/web\/wp-content\/uploads\/2020\/10\/quan-bufa-el-vent.jpg\" alt=\"\" class=\"wp-image-14798\" srcset=\"https:\/\/bisbalpenedes.com\/web\/wp-content\/uploads\/2020\/10\/quan-bufa-el-vent.jpg 800w, https:\/\/bisbalpenedes.com\/web\/wp-content\/uploads\/2020\/10\/quan-bufa-el-vent-300x300.jpg 300w, https:\/\/bisbalpenedes.com\/web\/wp-content\/uploads\/2020\/10\/quan-bufa-el-vent-100x100.jpg 100w, https:\/\/bisbalpenedes.com\/web\/wp-content\/uploads\/2020\/10\/quan-bufa-el-vent-600x600.jpg 600w, https:\/\/bisbalpenedes.com\/web\/wp-content\/uploads\/2020\/10\/quan-bufa-el-vent-150x150.jpg 150w, https:\/\/bisbalpenedes.com\/web\/wp-content\/uploads\/2020\/10\/quan-bufa-el-vent-768x768.jpg 768w\" sizes=\"(max-width: 800px) 100vw, 800px\" \/><\/figure>\n","protected":false},"excerpt":{"rendered":"<p>El Servei Meteorol\u00f2gic de Catalunya ha publicat un av\u00eds per vent per dem\u00e0 dijous 19 de febrer. Extremeu les precaucions. El Servei Meteorol\u00f2gic de Catalunya ha publicado un aviso por &hellip; <a href=\"https:\/\/bisbalpenedes.com\/web\/2026\/02\/18\/avis-per-vent-per-dema-dijous-19-de-febrer\/\" class=\"more-link\">Read More<\/a><\/p>\n","protected":false},"author":4,"featured_media":35841,"comment_status":"closed","ping_status":"closed","sticky":false,"template":"","format":"standard","meta":[],"categories":[1628,2543,8],"tags":[4613,459,393,1187],"_links":{"self":[{"href":"https:\/\/bisbalpenedes.com\/web\/wp-json\/wp\/v2\/posts\/36388"}],"collection":[{"href":"https:\/\/bisbalpenedes.com\/web\/wp-json\/wp\/v2\/posts"}],"about":[{"href":"https:\/\/bisbalpenedes.com\/web\/wp-json\/wp\/v2\/types\/post"}],"author":[{"embeddable":true,"href":"https:\/\/bisbalpenedes.com\/web\/wp-json\/wp\/v2\/users\/4"}],"replies":[{"embeddable":true,"href":"https:\/\/bisbalpenedes.com\/web\/wp-json\/wp\/v2\/comments?post=36388"}],"version-history":[{"count":1,"href":"https:\/\/bisbalpenedes.com\/web\/wp-json\/wp\/v2\/posts\/36388\/revisions"}],"predecessor-version":[{"id":36390,"href":"https:\/\/bisbalpenedes.com\/web\/wp-json\/wp\/v2\/posts\/36388\/revisions\/36390"}],"wp:featuredmedia":[{"embeddable":true,"href":"https:\/\/bisbalpenedes.com\/web\/wp-json\/wp\/v2\/media\/35841"}],"wp:attachment":[{"href":"https:\/\/bisbalpenedes.com\/web\/wp-json\/wp\/v2\/media?parent=36388"}],"wp:term":[{"taxonomy":"category","embeddable":true,"href":"https:\/\/bisbalpenedes.com\/web\/wp-json\/wp\/v2\/categories?post=36388"},{"taxonomy":"post_tag","embeddable":true,"href":"https:\/\/bisbalpenedes.com\/web\/wp-json\/wp\/v2\/tags?post=36388"}],"curies":[{"name":"wp","href":"https:\/\/api.w.org\/{rel}","templated":true}]}}