{"id":36383,"date":"2026-02-18T19:48:26","date_gmt":"2026-02-18T17:48:26","guid":{"rendered":"https:\/\/bisbalpenedes.com\/web\/?p=36383"},"modified":"2026-02-19T13:59:28","modified_gmt":"2026-02-19T11:59:28","slug":"a-partir-de-dema-dijous-19-de-febrer-podreu-recollir-els-penjadors-per-als-cubells-de-la-recollida-porta-a-porta-a-lajuntament","status":"publish","type":"post","link":"https:\/\/bisbalpenedes.com\/web\/2026\/02\/18\/a-partir-de-dema-dijous-19-de-febrer-podreu-recollir-els-penjadors-per-als-cubells-de-la-recollida-porta-a-porta-a-lajuntament\/","title":{"rendered":"A partir de dem\u00e0 dijous 19 de febrer podreu recollir els penjadors per als cubells de la recollida porta a porta a l&#8217;Ajuntament"},"content":{"rendered":"\n<p>A partir de dem\u00e0 dijous 19 de febrer es podran recollir els penjadors per als cubells de la recollida selectiva porta a porta a les oficines municipals.<\/p>\n\n\n\n<p>No \u00e9s necessari fer cap sol\u00b7licitud pr\u00e8via. Les persones interessades us podeu adre\u00e7ar directament a la Casa de la Vila per recollir el vostre kit.<\/p>\n\n\n\n<p>El paquet inclou dos penjadors amb els seus cargols per fixar-los a la paret. Se\u2019n lliurar\u00e0 un per habitatge.<\/p>\n\n\n\n<p>Us recordem que tamb\u00e9 podeu recollir els cubells a l\u2019Ajuntament de la Bisbal del Pened\u00e8s.<\/p>\n\n\n\n<p>La recollida es fa presencialment, a l&#8217;Ajuntament. Podeu consultar els horaris t&#8217;atenci\u00f3 a la ciutadania, aqu\u00ed: <a href=\"https:\/\/bisbalpenedes.com\/web\/horaris-datencio-a-la-ciutadania\/\">https:\/\/bisbalpenedes.com\/web\/horaris-datencio-a-la-ciutadania\/<\/a><\/p>\n\n\n\n<p><strong>Els dissabtes 7 i 21 de mar\u00e7, de 9 a 13 h, tamb\u00e9 es podran recollir, tant els penjadors com els cubells, a les oficines municipals.<\/strong><\/p>\n\n\n\n<p>Per garantir una atenci\u00f3 m\u00e9s directa, personalitzada i \u00e0gil, les consultes i dubtes relacionats amb el sistema de recollida selectiva porta a porta s\u2019han d\u2019adre\u00e7ar al correu <a href=\"mailto:residus@bisbalpenedes.com\" target=\"_blank\" rel=\"noreferrer noopener\">residus@bisbalpenedes.com<\/a><\/p>\n\n\n\n<hr class=\"wp-block-separator has-alpha-channel-opacity\"\/>\n\n\n\n<p>A partir de ma\u00f1ana jueves 19 de febrero se podr\u00e1n recoger los colgadores para los cubos de la recogida selectiva puerta a puerta en las oficinas municipales.<\/p>\n\n\n\n<p>No es necesario realizar ninguna solicitud previa. Las personas interesadas pod\u00e9is dirigiros directamente a la Casa de la Vila para recoger vuestro kit.<\/p>\n\n\n\n<p>El paquete incluye dos colgadores con sus tornillos para fijarlos a la pared. Se entregar\u00e1 un paquete por vivienda.<\/p>\n\n\n\n<p>Os recordamos que tambi\u00e9n pod\u00e9is recoger los cubos en el Ajuntament de la Bisbal del Pened\u00e8s.<\/p>\n\n\n\n<p>La recogida se realiza de forma presencial, en el Ayuntamiento. Pod\u00e9is consultar los horarios de atenci\u00f3n a la ciudadan\u00eda, aqu\u00ed: <a href=\"https:\/\/bisbalpenedes.com\/web\/horaris-datencio-a-la-ciutadania\/\">https:\/\/bisbalpenedes.com\/web\/horaris-datencio-a-la-ciutadania\/<\/a><\/p>\n\n\n\n<p><strong>Los s\u00e1bados 7 y 21 de marzo, de 9 a 13 h, tambi\u00e9n se podr\u00e1n recoger, tanto los colgadores como los cubos, en las oficinas municipales.<\/strong><\/p>\n\n\n\n<p>Para garantizar una atenci\u00f3n m\u00e1s directa, personalizada y \u00e1gil, las consultas y dudas relacionadas con el sistema de recogida selectiva puerta a puerta deben dirigirse al correo <a href=\"mailto:residus@bisbalpenedes.com\" target=\"_blank\" rel=\"noreferrer noopener\">residus@bisbalpenedes.com<\/a><\/p>\n\n\n\n<figure class=\"wp-block-image size-large\"><img loading=\"lazy\" width=\"819\" height=\"1024\" src=\"https:\/\/bisbalpenedes.com\/web\/wp-content\/uploads\/2026\/02\/2-3-819x1024.jpg\" alt=\"\" class=\"wp-image-36385\" srcset=\"https:\/\/bisbalpenedes.com\/web\/wp-content\/uploads\/2026\/02\/2-3-819x1024.jpg 819w, https:\/\/bisbalpenedes.com\/web\/wp-content\/uploads\/2026\/02\/2-3-240x300.jpg 240w, https:\/\/bisbalpenedes.com\/web\/wp-content\/uploads\/2026\/02\/2-3-768x960.jpg 768w, https:\/\/bisbalpenedes.com\/web\/wp-content\/uploads\/2026\/02\/2-3-600x750.jpg 600w, https:\/\/bisbalpenedes.com\/web\/wp-content\/uploads\/2026\/02\/2-3.jpg 1080w\" sizes=\"(max-width: 819px) 100vw, 819px\" \/><\/figure>\n","protected":false},"excerpt":{"rendered":"<p>A partir de dem\u00e0 dijous 19 de febrer es podran recollir els penjadors per als cubells de la recollida selectiva porta a porta a les oficines municipals. No \u00e9s necessari &hellip; <a href=\"https:\/\/bisbalpenedes.com\/web\/2026\/02\/18\/a-partir-de-dema-dijous-19-de-febrer-podreu-recollir-els-penjadors-per-als-cubells-de-la-recollida-porta-a-porta-a-lajuntament\/\" class=\"more-link\">Read More<\/a><\/p>\n","protected":false},"author":4,"featured_media":36384,"comment_status":"closed","ping_status":"closed","sticky":false,"template":"","format":"standard","meta":[],"categories":[3215,8],"tags":[393,7357,1730,357],"_links":{"self":[{"href":"https:\/\/bisbalpenedes.com\/web\/wp-json\/wp\/v2\/posts\/36383"}],"collection":[{"href":"https:\/\/bisbalpenedes.com\/web\/wp-json\/wp\/v2\/posts"}],"about":[{"href":"https:\/\/bisbalpenedes.com\/web\/wp-json\/wp\/v2\/types\/post"}],"author":[{"embeddable":true,"href":"https:\/\/bisbalpenedes.com\/web\/wp-json\/wp\/v2\/users\/4"}],"replies":[{"embeddable":true,"href":"https:\/\/bisbalpenedes.com\/web\/wp-json\/wp\/v2\/comments?post=36383"}],"version-history":[{"count":3,"href":"https:\/\/bisbalpenedes.com\/web\/wp-json\/wp\/v2\/posts\/36383\/revisions"}],"predecessor-version":[{"id":36403,"href":"https:\/\/bisbalpenedes.com\/web\/wp-json\/wp\/v2\/posts\/36383\/revisions\/36403"}],"wp:featuredmedia":[{"embeddable":true,"href":"https:\/\/bisbalpenedes.com\/web\/wp-json\/wp\/v2\/media\/36384"}],"wp:attachment":[{"href":"https:\/\/bisbalpenedes.com\/web\/wp-json\/wp\/v2\/media?parent=36383"}],"wp:term":[{"taxonomy":"category","embeddable":true,"href":"https:\/\/bisbalpenedes.com\/web\/wp-json\/wp\/v2\/categories?post=36383"},{"taxonomy":"post_tag","embeddable":true,"href":"https:\/\/bisbalpenedes.com\/web\/wp-json\/wp\/v2\/tags?post=36383"}],"curies":[{"name":"wp","href":"https:\/\/api.w.org\/{rel}","templated":true}]}}