{"id":36378,"date":"2026-02-18T16:13:48","date_gmt":"2026-02-18T14:13:48","guid":{"rendered":"https:\/\/bisbalpenedes.com\/web\/?p=36378"},"modified":"2026-02-18T16:16:16","modified_gmt":"2026-02-18T14:16:16","slug":"el-27-de-febrer-se-celebraran-les-eleccions-agraries-a-la-bisbal-del-penedes","status":"publish","type":"post","link":"https:\/\/bisbalpenedes.com\/web\/2026\/02\/18\/el-27-de-febrer-se-celebraran-les-eleccions-agraries-a-la-bisbal-del-penedes\/","title":{"rendered":"El 27 de febrer se celebraran les eleccions agr\u00e0ries"},"content":{"rendered":"\n<p>El proper dijous 27 de febrer tindran lloc les eleccions agr\u00e0ries, convocades pel Departament d&#8217;Agricultura, Ramaderia, Pesca i Alimentaci\u00f3 de la Generalitat de Catalunya.<strong> A la Bisbal del Pened\u00e8s, el punt de votaci\u00f3 estar\u00e0 ubicat al Rac\u00f3 de la Gent Gran,<\/strong> on les persones amb dret a vot podran exercir-lo al llarg de la jornada electoral.<\/p>\n\n\n\n<p>Les eleccions agr\u00e0ries permeten escollir els representants de les organitzacions professionals agr\u00e0ries, que actuen com a interlocutores davant l\u2019administraci\u00f3 en la defensa dels interessos del sector. Es tracta d\u2019una cita important per al m\u00f3n agrari, ja que contribueix a refor\u00e7ar la participaci\u00f3 i la representativitat del sector.<\/p>\n\n\n\n<p>Podeu consultar tota la informaci\u00f3 relativa al proc\u00e9s electoral, aix\u00ed com el cens electoral definitiu, al web del Departament d&#8217;Agricultura, Ramaderia, Pesca i Alimentaci\u00f3:<br><a href=\"https:\/\/agricultura.gencat.cat\/ca\/serveis\/eleccions-agraries\/\" target=\"_blank\" rel=\"noreferrer noopener\">https:\/\/agricultura.gencat.cat\/ca\/serveis\/eleccions-agraries\/<\/a><\/p>\n\n\n\n<hr class=\"wp-block-separator has-alpha-channel-opacity\"\/>\n\n\n\n<h3><strong>El 27 de febrero se celebrar\u00e1n las elecciones agrarias en la Bisbal del Pened\u00e8s<\/strong><\/h3>\n\n\n\n<p>El pr\u00f3ximo jueves 27 de febrero tendr\u00e1n lugar las elecciones agrarias, convocadas por el Departament d&#8217;Agricultura, Ramaderia, Pesca i Alimentaci\u00f3 de la Generalitat de Catalunya. <strong>En la Bisbal del Pened\u00e8s, el punto de votaci\u00f3n estar\u00e1 ubicado en el Rac\u00f3 de la Gent Gran,<\/strong> donde las personas con derecho a voto podr\u00e1n ejercerlo a lo largo de la jornada electoral.<\/p>\n\n\n\n<p>Las elecciones agrarias permiten escoger a los representantes de las organizaciones profesionales agrarias, que act\u00faan como interlocutoras ante la administraci\u00f3n en la defensa de los intereses del sector. Se trata de una cita importante para el mundo agrario, ya que contribuye a reforzar la participaci\u00f3n y la representatividad del sector.<\/p>\n\n\n\n<p>Pod\u00e9is consultar toda la informaci\u00f3n relativa al proceso electoral en la web del Departament d&#8217;Agricultura, Ramaderia, Pesca i Alimentaci\u00f3:<br><a href=\"https:\/\/agricultura.gencat.cat\/ca\/serveis\/eleccions-agraries\/\">https:\/\/agricultura.gencat.cat\/ca\/serveis\/eleccions-agraries\/<\/a><\/p>\n","protected":false},"excerpt":{"rendered":"<p>El proper dijous 27 de febrer tindran lloc les eleccions agr\u00e0ries, convocades pel Departament d&#8217;Agricultura, Ramaderia, Pesca i Alimentaci\u00f3 de la Generalitat de Catalunya. A la Bisbal del Pened\u00e8s, el &hellip; <a href=\"https:\/\/bisbalpenedes.com\/web\/2026\/02\/18\/el-27-de-febrer-se-celebraran-les-eleccions-agraries-a-la-bisbal-del-penedes\/\" class=\"more-link\">Read More<\/a><\/p>\n","protected":false},"author":4,"featured_media":36379,"comment_status":"closed","ping_status":"closed","sticky":false,"template":"","format":"standard","meta":[],"categories":[4155,8],"tags":[2209,459,7355,393,1374,7356],"_links":{"self":[{"href":"https:\/\/bisbalpenedes.com\/web\/wp-json\/wp\/v2\/posts\/36378"}],"collection":[{"href":"https:\/\/bisbalpenedes.com\/web\/wp-json\/wp\/v2\/posts"}],"about":[{"href":"https:\/\/bisbalpenedes.com\/web\/wp-json\/wp\/v2\/types\/post"}],"author":[{"embeddable":true,"href":"https:\/\/bisbalpenedes.com\/web\/wp-json\/wp\/v2\/users\/4"}],"replies":[{"embeddable":true,"href":"https:\/\/bisbalpenedes.com\/web\/wp-json\/wp\/v2\/comments?post=36378"}],"version-history":[{"count":2,"href":"https:\/\/bisbalpenedes.com\/web\/wp-json\/wp\/v2\/posts\/36378\/revisions"}],"predecessor-version":[{"id":36381,"href":"https:\/\/bisbalpenedes.com\/web\/wp-json\/wp\/v2\/posts\/36378\/revisions\/36381"}],"wp:featuredmedia":[{"embeddable":true,"href":"https:\/\/bisbalpenedes.com\/web\/wp-json\/wp\/v2\/media\/36379"}],"wp:attachment":[{"href":"https:\/\/bisbalpenedes.com\/web\/wp-json\/wp\/v2\/media?parent=36378"}],"wp:term":[{"taxonomy":"category","embeddable":true,"href":"https:\/\/bisbalpenedes.com\/web\/wp-json\/wp\/v2\/categories?post=36378"},{"taxonomy":"post_tag","embeddable":true,"href":"https:\/\/bisbalpenedes.com\/web\/wp-json\/wp\/v2\/tags?post=36378"}],"curies":[{"name":"wp","href":"https:\/\/api.w.org\/{rel}","templated":true}]}}