{"id":36373,"date":"2026-02-18T15:50:45","date_gmt":"2026-02-18T13:50:45","guid":{"rendered":"https:\/\/bisbalpenedes.com\/web\/?p=36373"},"modified":"2026-02-20T15:57:18","modified_gmt":"2026-02-20T13:57:18","slug":"el-cros-escolar-2026-omplira-la-bisbal-del-penedes-de-joves-esportistes-el-proxim-1-de-marc","status":"publish","type":"post","link":"https:\/\/bisbalpenedes.com\/web\/2026\/02\/18\/el-cros-escolar-2026-omplira-la-bisbal-del-penedes-de-joves-esportistes-el-proxim-1-de-marc\/","title":{"rendered":"El Cros Escolar 2026 omplir\u00e0 la Bisbal del Pened\u00e8s de joves esportistes el pr\u00f2xim 1 de mar\u00e7"},"content":{"rendered":"\n<p>La Bisbal del Pened\u00e8s acollir\u00e0 el proper diumenge 1 de mar\u00e7 de 2026 una nova edici\u00f3 del Cros Escolar, una cita esportiva ja consolidada al municipi que reunir\u00e0 infants i joves d\u2019arreu de la comarca en una jornada plena d\u2019energia, conviv\u00e8ncia i esperit esportiu.<\/p>\n\n\n\n<p>La sortida tindr\u00e0 lloc a les 10.45 h des de l\u2019avinguda Baix Pened\u00e8s. Hi participaran, entre d\u2019altres, alumnes de l\u2019Escola P\u00fablica Ull de Vent i de l\u2019Institut Coster de la Torre, que compartiran matinal amb corredors i corredores de diferents centres educatius del Baix Pened\u00e8s.<\/p>\n\n\n\n<p>M\u00e9s enll\u00e0 de la competici\u00f3, el Cros Escolar vol ser una festa de l\u2019esport oberta a tothom. Per aquest motiu, durant el mat\u00ed tamb\u00e9 hi haur\u00e0 inflables per als m\u00e9s petits i petites, aix\u00ed com la possibilitat de fer la ruta dels murals del municipi, una proposta que permet descobrir l\u2019art urb\u00e0 que decora diversos espais de la Bisbal.<\/p>\n\n\n\n<p>L\u2019activitat compta amb la col\u00b7laboraci\u00f3 de les AMPA de l\u2019Escola Ull de Vent i de l\u2019Institut Coster de la Torre, aix\u00ed com de diferents entitats i patrocinadors que fan possible aquesta jornada esportiva, entre elles el Consell Esportiu del Baix Pened\u00e8s.<\/p>\n\n\n\n<p>Des de l\u2019Ajuntament de la Bisbal del Pened\u00e8s convidem tota la ciutadania a venir a animar els i les joves esportistes!<\/p>\n\n\n\n<hr class=\"wp-block-separator has-alpha-channel-opacity\"\/>\n\n\n\n<h3>El Cros Escolar 2026 llenar\u00e1 la Bisbal del Pened\u00e8s de j\u00f3venes deportistas el pr\u00f3ximo 1 de marzo<\/h3>\n\n\n\n<p>La Bisbal del Pened\u00e8s acoger\u00e1 el pr\u00f3ximo domingo 1 de marzo de 2026 una nueva edici\u00f3n del Cros Escolar, una cita deportiva ya consolidada en el municipio que reunir\u00e1 a ni\u00f1os y j\u00f3venes de toda la comarca en una jornada llena de energ\u00eda, convivencia y esp\u00edritu deportivo.<\/p>\n\n\n\n<p>La salida tendr\u00e1 lugar a las 10.45 h desde la avenida Baix Pened\u00e8s. Participar\u00e1n, entre otros, alumnos de la Escola P\u00fablica Ull de Vent y del Institut Coster de la Torre, que compartir\u00e1n la ma\u00f1ana con corredores y corredoras de diferentes centros educativos del Baix Pened\u00e8s.<\/p>\n\n\n\n<p>M\u00e1s all\u00e1 de la competici\u00f3n, el Cros Escolar quiere ser una fiesta del deporte abierta a todo el mundo. Por este motivo, durante la ma\u00f1ana tambi\u00e9n habr\u00e1 hinchables para los m\u00e1s peque\u00f1os y peque\u00f1as, as\u00ed como la posibilidad de realizar la ruta de los murales del municipio, una propuesta que permite descubrir el arte urbano que decora distintos espacios de la Bisbal.<\/p>\n\n\n\n<p>La actividad cuenta con la colaboraci\u00f3n de las AMPA de la Escola Ull de Vent y del Institut Coster de la Torre, as\u00ed como de diferentes entidades y patrocinadores que hacen posible esta jornada deportiva, entre ellas el Consell Esportiu del Baix Pened\u00e8s.<\/p>\n\n\n\n<p>Desde el Ajuntament de la Bisbal del Pened\u00e8s invitamos a toda la ciudadan\u00eda a venir a animar a los y las j\u00f3venes deportistas.<\/p>\n","protected":false},"excerpt":{"rendered":"<p>La Bisbal del Pened\u00e8s acollir\u00e0 el proper diumenge 1 de mar\u00e7 de 2026 una nova edici\u00f3 del Cros Escolar, una cita esportiva ja consolidada al municipi que reunir\u00e0 infants i &hellip; <a href=\"https:\/\/bisbalpenedes.com\/web\/2026\/02\/18\/el-cros-escolar-2026-omplira-la-bisbal-del-penedes-de-joves-esportistes-el-proxim-1-de-marc\/\" class=\"more-link\">Read More<\/a><\/p>\n","protected":false},"author":4,"featured_media":36374,"comment_status":"closed","ping_status":"closed","sticky":false,"template":"","format":"standard","meta":[],"categories":[19,8],"tags":[459,2441,2853,368,393,1374],"_links":{"self":[{"href":"https:\/\/bisbalpenedes.com\/web\/wp-json\/wp\/v2\/posts\/36373"}],"collection":[{"href":"https:\/\/bisbalpenedes.com\/web\/wp-json\/wp\/v2\/posts"}],"about":[{"href":"https:\/\/bisbalpenedes.com\/web\/wp-json\/wp\/v2\/types\/post"}],"author":[{"embeddable":true,"href":"https:\/\/bisbalpenedes.com\/web\/wp-json\/wp\/v2\/users\/4"}],"replies":[{"embeddable":true,"href":"https:\/\/bisbalpenedes.com\/web\/wp-json\/wp\/v2\/comments?post=36373"}],"version-history":[{"count":3,"href":"https:\/\/bisbalpenedes.com\/web\/wp-json\/wp\/v2\/posts\/36373\/revisions"}],"predecessor-version":[{"id":36456,"href":"https:\/\/bisbalpenedes.com\/web\/wp-json\/wp\/v2\/posts\/36373\/revisions\/36456"}],"wp:featuredmedia":[{"embeddable":true,"href":"https:\/\/bisbalpenedes.com\/web\/wp-json\/wp\/v2\/media\/36374"}],"wp:attachment":[{"href":"https:\/\/bisbalpenedes.com\/web\/wp-json\/wp\/v2\/media?parent=36373"}],"wp:term":[{"taxonomy":"category","embeddable":true,"href":"https:\/\/bisbalpenedes.com\/web\/wp-json\/wp\/v2\/categories?post=36373"},{"taxonomy":"post_tag","embeddable":true,"href":"https:\/\/bisbalpenedes.com\/web\/wp-json\/wp\/v2\/tags?post=36373"}],"curies":[{"name":"wp","href":"https:\/\/api.w.org\/{rel}","templated":true}]}}