{"id":36362,"date":"2026-02-19T18:03:19","date_gmt":"2026-02-19T16:03:19","guid":{"rendered":"https:\/\/bisbalpenedes.com\/web\/?p=36362"},"modified":"2026-02-19T18:03:20","modified_gmt":"2026-02-19T16:03:20","slug":"lalcaldessa-en-funcions-judith-vidal-visita-les-installacions-del-futur-centre-demergencies-de-les-adf-a-pacs-del-penedes","status":"publish","type":"post","link":"https:\/\/bisbalpenedes.com\/web\/2026\/02\/19\/lalcaldessa-en-funcions-judith-vidal-visita-les-installacions-del-futur-centre-demergencies-de-les-adf-a-pacs-del-penedes\/","title":{"rendered":"<strong>L\u2019alcaldessa en funcions Judith Vidal visita les instal\u00b7lacions del futur centre d\u2019emerg\u00e8ncies de les ADF a Pacs del Pened\u00e8s<\/strong>"},"content":{"rendered":"\n<p>L\u2019alcaldessa en funcions de la Bisbal del Pened\u00e8s, Judith Vidal, va assistir el passat dissabte 14 de febrer a la visita institucional a les instal\u00b7lacions del futur centre estrat\u00e8gic de les Agrupacions de Defensa Forestal del Pened\u00e8s-Garraf, ubicat a Pacs del Pened\u00e8s, a l&#8217;antiga seu d&#8217;ENAGAS.<\/p>\n\n\n\n<p>La visita, organitzada des de la Federaci\u00f3 d&#8217;ADF Pened\u00e8s-Garraf, va reunir alcaldes i alcaldesses del territori per con\u00e8ixer de primera m\u00e0 aquest projecte estrat\u00e8gic, que t\u00e9 com a objectiu millorar la coordinaci\u00f3 i la capacitat de resposta davant situacions d\u2019emerg\u00e8ncia al territori, especialment en l\u2019\u00e0mbit de la prevenci\u00f3 i extinci\u00f3 d\u2019incendis forestals.<\/p>\n\n\n\n<p>El futur equipament vol esdevenir un espai de refer\u00e8ncia per a la centralitzaci\u00f3 de recursos i operatius de les ADF integrades a l&#8217;\u00e0rea del Pened\u00e8s-Garraf, contribuint a refor\u00e7ar el treball conjunt entre municipis i a optimitzar la gesti\u00f3 de les emerg\u00e8ncies a escala territorial.<\/p>\n\n\n\n<p>L&#8217;alcaldessa en funcions, Judith Vidal, ha remarcat la import\u00e0ncia que tenen les ADF per al territori, ja que &#8220;contribueixen a millorar la seguretat i la protecci\u00f3 de les nostres comarques i fan una gran feina de prevenci\u00f3&#8221;. Vidal considera que \u00e9s &#8220;molt important que les ADF puguin comptar amb un espai on reunir-se, fer formacions i coordinar possibles emerg\u00e8ncies&#8221; i pensa que el suport institucional \u00e9s indispensable perqu\u00e8 aquestes entitats puguin anar endavant. En aquest sentit, ha recordat que &#8220;des de l&#8217;Ajuntament de la Bisbal del Pened\u00e8s col\u00b7laborem de forma estreta amb l&#8217;ADF Clot de Bou, no nom\u00e9s cedint-li un local per guardar el material i els vehicles i que s&#8217;hi puguin reunir, sin\u00f3 tamb\u00e9 amb una aportaci\u00f3 econ\u00f2mica anual perqu\u00e8 puguin dur a terme tasques de prevenci\u00f3 al municipi&#8221; i ha afegit que &#8220;estem sempre oberts a escoltar les seves demandes i mirar de contribuir perqu\u00e8 la seva tasca t\u00e9 una gran import\u00e0ncia per a tota la comunitat&#8221;.<\/p>\n\n\n\n<p>Durant la visita, els representants municipals van poder con\u00e8ixer les instal\u00b7lacions i les l\u00ednies principals del projecte, aix\u00ed com els reptes i oportunitats que suposar\u00e0 la posada en marxa d\u2019aquest nou centre per al conjunt del territori.<\/p>\n\n\n\n<hr class=\"wp-block-separator has-alpha-channel-opacity\"\/>\n\n\n\n<h3><strong>La alcaldesa en funciones Judith Vidal visita las instalaciones del futuro centro de emergencias de las ADF en Pacs del Pened\u00e8s<\/strong><\/h3>\n\n\n\n<p>La alcaldesa en funciones de la Bisbal del Pened\u00e8s, Judith Vidal, asisti\u00f3 el pasado s\u00e1bado 14 de febrero a la visita institucional a las instalaciones del futuro centro estrat\u00e9gico de las Agrupaciones de Defensa Forestal del Pened\u00e8s-Garraf, ubicado en Pacs del Pened\u00e8s, en la antigua sede de ENAGAS.<\/p>\n\n\n\n<p>La visita, organizada por la Federaci\u00f3 d&#8217;ADF Pened\u00e8s-Garraf, reuni\u00f3 a alcaldes y alcaldesas del territorio para conocer de primera mano este proyecto estrat\u00e9gico, que tiene como objetivo mejorar la coordinaci\u00f3n y la capacidad de respuesta ante situaciones de emergencia en el territorio, especialmente en el \u00e1mbito de la prevenci\u00f3n y extinci\u00f3n de incendios forestales.<\/p>\n\n\n\n<p>El futuro equipamiento quiere convertirse en un espacio de referencia para la centralizaci\u00f3n de recursos y operativos de las ADF integradas en el \u00e1rea del Pened\u00e8s-Garraf, contribuyendo a reforzar el trabajo conjunto entre municipios y a optimizar la gesti\u00f3n de las emergencias a escala territorial.<\/p>\n\n\n\n<p>La alcaldesa en funciones, Judith Vidal, ha remarcado la importancia que tienen las ADF para el territorio, ya que \u201ccontribuyen a mejorar la seguridad y la protecci\u00f3n de nuestras comarcas y realizan una gran labor de prevenci\u00f3n\u201d. Vidal considera que es \u201cmuy importante que las ADF puedan contar con un espacio donde reunirse, realizar formaciones y coordinar posibles emergencias\u201d y cree que el apoyo institucional es indispensable para que estas entidades puedan salir adelante. En este sentido, ha recordado que \u201cdesde el Ajuntament de la Bisbal del Pened\u00e8s colaboramos de forma estrecha con la ADF Clot de Bou, no solo cedi\u00e9ndole un local para guardar el material y los veh\u00edculos y para que puedan reunirse, sino tambi\u00e9n con una aportaci\u00f3n econ\u00f3mica anual para que puedan llevar a cabo tareas de prevenci\u00f3n en el municipio\u201d y ha a\u00f1adido que \u201cestamos siempre abiertos a escuchar sus demandas e intentar contribuir, porque su labor tiene una gran importancia para toda la comunidad\u201d.<\/p>\n\n\n\n<p>Durante la visita, los representantes municipales pudieron conocer las instalaciones y las l\u00edneas principales del proyecto, as\u00ed como los retos y oportunidades que supondr\u00e1 la puesta en marcha de este nuevo centro para el conjunto del territorio.<\/p>\n\n\n\n<figure class=\"wp-container-2 wp-block-gallery-1 wp-block-gallery has-nested-images columns-default is-cropped\">\n<figure class=\"wp-block-image size-large\"><img loading=\"lazy\" width=\"1024\" height=\"513\" data-id=\"36369\"  src=\"https:\/\/bisbalpenedes.com\/web\/wp-content\/uploads\/2026\/02\/grup-1-B-1024x513.jpg\" alt=\"\" class=\"wp-image-36369\" srcset=\"https:\/\/bisbalpenedes.com\/web\/wp-content\/uploads\/2026\/02\/grup-1-B-1024x513.jpg 1024w, https:\/\/bisbalpenedes.com\/web\/wp-content\/uploads\/2026\/02\/grup-1-B-300x150.jpg 300w, https:\/\/bisbalpenedes.com\/web\/wp-content\/uploads\/2026\/02\/grup-1-B-768x385.jpg 768w, https:\/\/bisbalpenedes.com\/web\/wp-content\/uploads\/2026\/02\/grup-1-B-600x301.jpg 600w, https:\/\/bisbalpenedes.com\/web\/wp-content\/uploads\/2026\/02\/grup-1-B.jpg 1500w\" sizes=\"(max-width: 1024px) 100vw, 1024px\" \/><\/figure>\n\n\n\n<figure class=\"wp-block-image size-large\"><img loading=\"lazy\" width=\"1024\" height=\"576\" data-id=\"36365\"  src=\"https:\/\/bisbalpenedes.com\/web\/wp-content\/uploads\/2026\/02\/visita-5-1024x576.jpg\" alt=\"\" class=\"wp-image-36365\" srcset=\"https:\/\/bisbalpenedes.com\/web\/wp-content\/uploads\/2026\/02\/visita-5-1024x576.jpg 1024w, https:\/\/bisbalpenedes.com\/web\/wp-content\/uploads\/2026\/02\/visita-5-300x169.jpg 300w, https:\/\/bisbalpenedes.com\/web\/wp-content\/uploads\/2026\/02\/visita-5-768x432.jpg 768w, https:\/\/bisbalpenedes.com\/web\/wp-content\/uploads\/2026\/02\/visita-5-600x338.jpg 600w, https:\/\/bisbalpenedes.com\/web\/wp-content\/uploads\/2026\/02\/visita-5.jpg 1063w\" sizes=\"(max-width: 1024px) 100vw, 1024px\" \/><\/figure>\n\n\n\n<figure class=\"wp-block-image size-large\"><img loading=\"lazy\" width=\"1024\" height=\"576\" data-id=\"36364\"  src=\"https:\/\/bisbalpenedes.com\/web\/wp-content\/uploads\/2026\/02\/visita-11-1024x576.jpg\" alt=\"\" class=\"wp-image-36364\" srcset=\"https:\/\/bisbalpenedes.com\/web\/wp-content\/uploads\/2026\/02\/visita-11-1024x576.jpg 1024w, https:\/\/bisbalpenedes.com\/web\/wp-content\/uploads\/2026\/02\/visita-11-300x169.jpg 300w, https:\/\/bisbalpenedes.com\/web\/wp-content\/uploads\/2026\/02\/visita-11-768x432.jpg 768w, https:\/\/bisbalpenedes.com\/web\/wp-content\/uploads\/2026\/02\/visita-11-600x338.jpg 600w, https:\/\/bisbalpenedes.com\/web\/wp-content\/uploads\/2026\/02\/visita-11.jpg 1063w\" sizes=\"(max-width: 1024px) 100vw, 1024px\" \/><\/figure>\n\n\n\n<figure class=\"wp-block-image size-large\"><img loading=\"lazy\" width=\"900\" height=\"506\" data-id=\"36368\"  src=\"https:\/\/bisbalpenedes.com\/web\/wp-content\/uploads\/2026\/02\/visita-14-B.jpg\" alt=\"\" class=\"wp-image-36368\" srcset=\"https:\/\/bisbalpenedes.com\/web\/wp-content\/uploads\/2026\/02\/visita-14-B.jpg 900w, https:\/\/bisbalpenedes.com\/web\/wp-content\/uploads\/2026\/02\/visita-14-B-300x169.jpg 300w, https:\/\/bisbalpenedes.com\/web\/wp-content\/uploads\/2026\/02\/visita-14-B-768x432.jpg 768w, https:\/\/bisbalpenedes.com\/web\/wp-content\/uploads\/2026\/02\/visita-14-B-600x337.jpg 600w\" sizes=\"(max-width: 900px) 100vw, 900px\" \/><\/figure>\n\n\n\n<figure class=\"wp-block-image size-large\"><img loading=\"lazy\" width=\"1024\" height=\"576\" data-id=\"36366\"  src=\"https:\/\/bisbalpenedes.com\/web\/wp-content\/uploads\/2026\/02\/visita-16-1024x576.jpg\" alt=\"\" class=\"wp-image-36366\" srcset=\"https:\/\/bisbalpenedes.com\/web\/wp-content\/uploads\/2026\/02\/visita-16-1024x576.jpg 1024w, https:\/\/bisbalpenedes.com\/web\/wp-content\/uploads\/2026\/02\/visita-16-300x169.jpg 300w, https:\/\/bisbalpenedes.com\/web\/wp-content\/uploads\/2026\/02\/visita-16-768x432.jpg 768w, https:\/\/bisbalpenedes.com\/web\/wp-content\/uploads\/2026\/02\/visita-16-600x337.jpg 600w, https:\/\/bisbalpenedes.com\/web\/wp-content\/uploads\/2026\/02\/visita-16.jpg 1181w\" sizes=\"(max-width: 1024px) 100vw, 1024px\" \/><\/figure>\n\n\n\n<figure class=\"wp-block-image size-large\"><img loading=\"lazy\" width=\"1024\" height=\"576\" data-id=\"36367\"  src=\"https:\/\/bisbalpenedes.com\/web\/wp-content\/uploads\/2026\/02\/visita-17-1024x576.jpg\" alt=\"\" class=\"wp-image-36367\" srcset=\"https:\/\/bisbalpenedes.com\/web\/wp-content\/uploads\/2026\/02\/visita-17-1024x576.jpg 1024w, https:\/\/bisbalpenedes.com\/web\/wp-content\/uploads\/2026\/02\/visita-17-300x169.jpg 300w, https:\/\/bisbalpenedes.com\/web\/wp-content\/uploads\/2026\/02\/visita-17-768x432.jpg 768w, https:\/\/bisbalpenedes.com\/web\/wp-content\/uploads\/2026\/02\/visita-17-600x337.jpg 600w, https:\/\/bisbalpenedes.com\/web\/wp-content\/uploads\/2026\/02\/visita-17.jpg 1181w\" sizes=\"(max-width: 1024px) 100vw, 1024px\" \/><\/figure>\n<\/figure>\n","protected":false},"excerpt":{"rendered":"<p>L\u2019alcaldessa en funcions de la Bisbal del Pened\u00e8s, Judith Vidal, va assistir el passat dissabte 14 de febrer a la visita institucional a les instal\u00b7lacions del futur centre estrat\u00e8gic de &hellip; <a href=\"https:\/\/bisbalpenedes.com\/web\/2026\/02\/19\/lalcaldessa-en-funcions-judith-vidal-visita-les-installacions-del-futur-centre-demergencies-de-les-adf-a-pacs-del-penedes\/\" class=\"more-link\">Read More<\/a><\/p>\n","protected":false},"author":4,"featured_media":36363,"comment_status":"closed","ping_status":"closed","sticky":false,"template":"","format":"standard","meta":[],"categories":[2057,32,8],"tags":[1775,7353,7354,393,1374],"_links":{"self":[{"href":"https:\/\/bisbalpenedes.com\/web\/wp-json\/wp\/v2\/posts\/36362"}],"collection":[{"href":"https:\/\/bisbalpenedes.com\/web\/wp-json\/wp\/v2\/posts"}],"about":[{"href":"https:\/\/bisbalpenedes.com\/web\/wp-json\/wp\/v2\/types\/post"}],"author":[{"embeddable":true,"href":"https:\/\/bisbalpenedes.com\/web\/wp-json\/wp\/v2\/users\/4"}],"replies":[{"embeddable":true,"href":"https:\/\/bisbalpenedes.com\/web\/wp-json\/wp\/v2\/comments?post=36362"}],"version-history":[{"count":1,"href":"https:\/\/bisbalpenedes.com\/web\/wp-json\/wp\/v2\/posts\/36362\/revisions"}],"predecessor-version":[{"id":36370,"href":"https:\/\/bisbalpenedes.com\/web\/wp-json\/wp\/v2\/posts\/36362\/revisions\/36370"}],"wp:featuredmedia":[{"embeddable":true,"href":"https:\/\/bisbalpenedes.com\/web\/wp-json\/wp\/v2\/media\/36363"}],"wp:attachment":[{"href":"https:\/\/bisbalpenedes.com\/web\/wp-json\/wp\/v2\/media?parent=36362"}],"wp:term":[{"taxonomy":"category","embeddable":true,"href":"https:\/\/bisbalpenedes.com\/web\/wp-json\/wp\/v2\/categories?post=36362"},{"taxonomy":"post_tag","embeddable":true,"href":"https:\/\/bisbalpenedes.com\/web\/wp-json\/wp\/v2\/tags?post=36362"}],"curies":[{"name":"wp","href":"https:\/\/api.w.org\/{rel}","templated":true}]}}